{"id":837,"date":"2021-02-02T16:20:53","date_gmt":"2021-02-02T15:20:53","guid":{"rendered":"https:\/\/przedszkolestawiski.pl\/?p=837"},"modified":"2021-02-19T19:06:17","modified_gmt":"2021-02-19T18:06:17","slug":"maly-artysta","status":"publish","type":"post","link":"https:\/\/przedszkolestawiski.pl\/?p=837","title":{"rendered":"Ma\u0142y Artysta"},"content":{"rendered":"<p style=\"text-align: justify; padding-left: 40px;\"><span style=\"font-size: 12pt;\"><em>Drodzy Rodzice,<\/em><\/span><\/p>\n<p style=\"text-align: justify;\"><span style=\"font-size: 12pt;\">zapraszamy Was serdecznie do naszej galerii. Zobaczcie sami jak Wasze dzieci pracuj\u0105 na zaj\u0119ciach artystycznych, jak pi\u0119kne prace powstaj\u0105 pod okiem Pani Heli Pajer i Pani Dominiki G\u00f3ralczyk. My\u015bl\u0119, \u017ce mamy si\u0119 czym pochwali\u0107.<\/span><\/p>\n<p style=\"text-align: right;\"><span style=\"font-size: 12pt;\">Dyrektor Przedszkola<\/span><br \/>\n<span style=\"font-size: 12pt;\"><em>Iwona Bogda\u0144ska<\/em><\/span><\/p>\n<p style=\"text-align: center;\"><a href=\"https:\/\/photos.app.goo.gl\/zw3z7Mu3h3Ar2vTR7\" target=\"_blank\" rel=\"noopener\"><img loading=\"lazy\" decoding=\"async\" class=\"aligncenter wp-image-477 size-full\" src=\"https:\/\/przedszkolestawiski.pl\/wp-content\/uploads\/2019\/01\/fotogaleria_przycisk.jpg\" alt=\"przycisk galeria\" width=\"800\" height=\"53\" srcset=\"https:\/\/przedszkolestawiski.pl\/wp-content\/uploads\/2019\/01\/fotogaleria_przycisk.jpg 800w, https:\/\/przedszkolestawiski.pl\/wp-content\/uploads\/2019\/01\/fotogaleria_przycisk-300x20.jpg 300w, https:\/\/przedszkolestawiski.pl\/wp-content\/uploads\/2019\/01\/fotogaleria_przycisk-768x51.jpg 768w\" sizes=\"auto, (max-width: 800px) 100vw, 800px\" \/><\/a><\/p>\n","protected":false},"excerpt":{"rendered":"<p>Galeria prac dzieci<\/p>\n","protected":false},"author":1,"featured_media":843,"comment_status":"closed","ping_status":"closed","sticky":false,"template":"","format":"standard","meta":{"ngg_post_thumbnail":0,"footnotes":""},"categories":[5],"tags":[],"class_list":["post-837","post","type-post","status-publish","format-standard","has-post-thumbnail","hentry","category-home"],"_links":{"self":[{"href":"https:\/\/przedszkolestawiski.pl\/index.php?rest_route=\/wp\/v2\/posts\/837","targetHints":{"allow":["GET"]}}],"collection":[{"href":"https:\/\/przedszkolestawiski.pl\/index.php?rest_route=\/wp\/v2\/posts"}],"about":[{"href":"https:\/\/przedszkolestawiski.pl\/index.php?rest_route=\/wp\/v2\/types\/post"}],"author":[{"embeddable":true,"href":"https:\/\/przedszkolestawiski.pl\/index.php?rest_route=\/wp\/v2\/users\/1"}],"replies":[{"embeddable":true,"href":"https:\/\/przedszkolestawiski.pl\/index.php?rest_route=%2Fwp%2Fv2%2Fcomments&post=837"}],"version-history":[{"count":7,"href":"https:\/\/przedszkolestawiski.pl\/index.php?rest_route=\/wp\/v2\/posts\/837\/revisions"}],"predecessor-version":[{"id":967,"href":"https:\/\/przedszkolestawiski.pl\/index.php?rest_route=\/wp\/v2\/posts\/837\/revisions\/967"}],"wp:featuredmedia":[{"embeddable":true,"href":"https:\/\/przedszkolestawiski.pl\/index.php?rest_route=\/wp\/v2\/media\/843"}],"wp:attachment":[{"href":"https:\/\/przedszkolestawiski.pl\/index.php?rest_route=%2Fwp%2Fv2%2Fmedia&parent=837"}],"wp:term":[{"taxonomy":"category","embeddable":true,"href":"https:\/\/przedszkolestawiski.pl\/index.php?rest_route=%2Fwp%2Fv2%2Fcategories&post=837"},{"taxonomy":"post_tag","embeddable":true,"href":"https:\/\/przedszkolestawiski.pl\/index.php?rest_route=%2Fwp%2Fv2%2Ftags&post=837"}],"curies":[{"name":"wp","href":"https:\/\/api.w.org\/{rel}","templated":true}]}}