{"id":799,"date":"2021-01-13T12:19:15","date_gmt":"2021-01-13T11:19:15","guid":{"rendered":"https:\/\/przedszkolestawiski.pl\/?p=799"},"modified":"2021-03-15T13:42:48","modified_gmt":"2021-03-15T12:42:48","slug":"najpiekniejsza-kartka-na-boze-narodzenie-konkurs-plastyczny","status":"publish","type":"post","link":"https:\/\/przedszkolestawiski.pl\/?p=799","title":{"rendered":"Najpi\u0119kniejsza Kartka na Bo\u017ce Narodzenie &#8211; konkurs plastyczny"},"content":{"rendered":"<p style=\"text-align: justify;\"><span style=\"font-size: 12pt;\">Wysy\u0142anie kartek z \u017cyczeniami \u015bwi\u0105tecznymi, to jedna z wielu tradycji zwi\u0105zanych ze \u015awi\u0119tami Bo\u017cego Narodzenia. Kartka \u015bwi\u0105teczna mo\u017ce przybra\u0107 r\u00f3\u017cne formy &#8211; a jakie, mo\u017cemy zobaczy\u0107 w naszej galerii.<\/span><\/p>\n<p style=\"text-align: justify;\"><span style=\"font-size: 12pt;\">Chc\u0105c podtrzyma\u0107 wielowiekow\u0105 tradycj\u0119 w\u015br\u00f3d najm\u0142odszego pokolenia w naszym przedszkolu zorganizowany zosta\u0142 rodzinny konkurs plastyczny na najciekawiej wykonan\u0105 kart\u0119 bo\u017conarodzeniow\u0105. Celem konkursu by\u0142o rozbudzanie kreatywno\u015bci dzieci w wieku przedszkolnym, rozwijanie wra\u017cliwo\u015bci estetycznej, promowanie talent\u00f3w. Konkurs mia\u0142 r\u00f3wnie\u017c na celu wsp\u00f3\u0142prac\u0119 mi\u0119dzypokoleniow\u0105. Do jego realizacji zostali bowiem zaanga\u017cowani zar\u00f3wno rodzice, jak i dziadkowie, kt\u00f3rzy poprzez prac\u0119 z dzieckiem mogli przekaza\u0107 mu tradycje, zwyczaje i obrz\u0119dy \u015bwi\u0105teczne kultywowane w ich domach. I za to nale\u017c\u0105 si\u0119 im podzi\u0119kowania.<\/span><\/p>\n<p style=\"text-align: justify;\"><span style=\"font-size: 12pt;\">Na konkurs wp\u0142yn\u0119\u0142y 54 karty. Wszystkie prace nawi\u0105zywa\u0142y do tradycji bo\u017conarodzeniowej. Wykonane zosta\u0142y za pomoc\u0105 r\u00f3\u017cnorodnych technik plastycznych. Wszystkie zaskakiwa\u0142y pomys\u0142owo\u015bci\u0105, form\u0105 i kolorystyk\u0105.<\/span><\/p>\n<p style=\"text-align: justify;\"><span style=\"font-size: 12pt;\">Rozstrzygni\u0119cie konkursu nast\u0105pi\u0142o 22 grudnia 2020 roku. W sk\u0142ad komisji wesz\u0142y nast\u0119puj\u0105ce osoby:<\/span><\/p>\n<ul>\n<li style=\"list-style-type: none;\">\n<ul>\n<li style=\"text-align: justify;\"><span style=\"font-size: 12pt;\"><strong><em>Iwona Bogda\u0144ska<\/em><\/strong> \u2013 dyrektor Miejskiego Przedszkola w Stawiskach,<\/span><\/li>\n<li><span style=\"font-size: 12pt;\"><em><strong>Halina Ba\u0142dyga<\/strong><\/em> \u2013 nauczyciel Miejskiego Przedszkola w Stawiskach,<\/span><\/li>\n<li><span style=\"font-size: 12pt;\"><em><strong>Agnieszka G\u00f3ralczyk<\/strong><\/em> \u2013 przewodnicz\u0105ca Komisji O\u015bwiaty przy Radzie Miejskiej w \u00a0Stawiskach.<\/span><\/li>\n<\/ul>\n<\/li>\n<\/ul>\n<p style=\"text-align: justify;\"><span style=\"font-size: 12pt;\">Powo\u0142ana komisja ocenia\u0142a pomys\u0142owo\u015b\u0107, oryginalno\u015b\u0107 oraz walory estetyczne wykonanych prac. Po d\u0142ugich naradach wyr\u00f3\u017cniono 10 prac.<\/span><\/p>\n<p style=\"text-align: justify;\"><span style=\"font-size: 12pt;\">Wszystkie dzieci bior\u0105ce udzia\u0142 w konkursie otrzyma\u0142y pami\u0105tkowe dyplomy, a zwyci\u0119zcy drobne upominki.<\/span><\/p>\n<p style=\"text-align: justify;\"><span style=\"font-size: 12pt;\">Organizatorzy konkursu sk\u0142adaj\u0105 serdeczne podzi\u0119kowania rodzicom i dziadkom za wsp\u00f3\u0142prac\u0119 nad kultywowaniem w\u015br\u00f3d najm\u0142odszego pokolenia tradycji bo\u017conarodzeniowych.<\/span><\/p>\n<p><span style=\"font-size: 12pt;\"><a href=\"https:\/\/photos.app.goo.gl\/2Px8U1YhhYvXeS9n8\" target=\"_blank\" rel=\"noopener\"><img loading=\"lazy\" decoding=\"async\" class=\"size-full wp-image-477 aligncenter\" src=\"https:\/\/przedszkolestawiski.pl\/wp-content\/uploads\/2019\/01\/fotogaleria_przycisk.jpg\" alt=\"przycisk galeria\" width=\"800\" height=\"53\" srcset=\"https:\/\/przedszkolestawiski.pl\/wp-content\/uploads\/2019\/01\/fotogaleria_przycisk.jpg 800w, https:\/\/przedszkolestawiski.pl\/wp-content\/uploads\/2019\/01\/fotogaleria_przycisk-300x20.jpg 300w, https:\/\/przedszkolestawiski.pl\/wp-content\/uploads\/2019\/01\/fotogaleria_przycisk-768x51.jpg 768w\" sizes=\"auto, (max-width: 800px) 100vw, 800px\" \/><\/a><\/span><\/p>\n","protected":false},"excerpt":{"rendered":"<p>Wysy\u0142anie kartek z \u017cyczeniami \u015bwi\u0105tecznymi, to jedna z wielu tradycji zwi\u0105zanych ze \u015awi\u0119tami&#8230;<\/p>\n","protected":false},"author":1,"featured_media":804,"comment_status":"closed","ping_status":"closed","sticky":false,"template":"","format":"standard","meta":{"ngg_post_thumbnail":0,"footnotes":""},"categories":[5],"tags":[],"class_list":["post-799","post","type-post","status-publish","format-standard","has-post-thumbnail","hentry","category-home"],"_links":{"self":[{"href":"https:\/\/przedszkolestawiski.pl\/index.php?rest_route=\/wp\/v2\/posts\/799","targetHints":{"allow":["GET"]}}],"collection":[{"href":"https:\/\/przedszkolestawiski.pl\/index.php?rest_route=\/wp\/v2\/posts"}],"about":[{"href":"https:\/\/przedszkolestawiski.pl\/index.php?rest_route=\/wp\/v2\/types\/post"}],"author":[{"embeddable":true,"href":"https:\/\/przedszkolestawiski.pl\/index.php?rest_route=\/wp\/v2\/users\/1"}],"replies":[{"embeddable":true,"href":"https:\/\/przedszkolestawiski.pl\/index.php?rest_route=%2Fwp%2Fv2%2Fcomments&post=799"}],"version-history":[{"count":6,"href":"https:\/\/przedszkolestawiski.pl\/index.php?rest_route=\/wp\/v2\/posts\/799\/revisions"}],"predecessor-version":[{"id":1102,"href":"https:\/\/przedszkolestawiski.pl\/index.php?rest_route=\/wp\/v2\/posts\/799\/revisions\/1102"}],"wp:featuredmedia":[{"embeddable":true,"href":"https:\/\/przedszkolestawiski.pl\/index.php?rest_route=\/wp\/v2\/media\/804"}],"wp:attachment":[{"href":"https:\/\/przedszkolestawiski.pl\/index.php?rest_route=%2Fwp%2Fv2%2Fmedia&parent=799"}],"wp:term":[{"taxonomy":"category","embeddable":true,"href":"https:\/\/przedszkolestawiski.pl\/index.php?rest_route=%2Fwp%2Fv2%2Fcategories&post=799"},{"taxonomy":"post_tag","embeddable":true,"href":"https:\/\/przedszkolestawiski.pl\/index.php?rest_route=%2Fwp%2Fv2%2Ftags&post=799"}],"curies":[{"name":"wp","href":"https:\/\/api.w.org\/{rel}","templated":true}]}}