{"id":785,"date":"2020-12-21T11:35:15","date_gmt":"2020-12-21T10:35:15","guid":{"rendered":"https:\/\/przedszkolestawiski.pl\/?p=785"},"modified":"2021-02-20T18:45:21","modified_gmt":"2021-02-20T17:45:21","slug":"swiateczne-pierniki","status":"publish","type":"post","link":"https:\/\/przedszkolestawiski.pl\/?p=785","title":{"rendered":"\u015awi\u0105teczne pierniki"},"content":{"rendered":"<p style=\"text-align: justify;\"><span style=\"font-size: 12pt;\">\u015arodowe zaj\u0119cia (16 grudnia) by\u0142y wyj\u0105tkowo kolorowe i pachn\u0105ce. Dzieci z grupy Wiewi\u00f3rek i\u00a0Biedronek pod czujnym okiem pani Iwony przygotowywa\u0142y \u015bwi\u0105teczne pierniki. Na stole pojawi\u0142 si\u0119 lukier, pisaki cukrowe i wielobarwne groszki. Z wielkim po\u015bwi\u0119ceniem maluchy ozdabia\u0142y swoje ciasteczka. Ka\u017cdy pierniczek by\u0142 wyj\u0105tkowy i niepowtarzalny.<\/span><\/p>\n<p style=\"text-align: justify;\"><span style=\"font-size: 12pt;\">Kiedy sko\u0144czyli\u015bmy dekorowanie przyszed\u0142 oczekiwany czas na spr\u00f3bowanie wypiek\u00f3w. Pierniki szybko znikn\u0119\u0142y w dzieci\u0119cych buziach. Drodzy Rodzice! Zaanga\u017cowanie dzieci w trakcie zaj\u0119\u0107 przekonuje, \u017ce w trakcie \u015bwi\u0105tecznych przygotowa\u0144 macie wspania\u0142ych pomocnik\u00f3w!<\/span><\/p>\n<p style=\"text-align: right;\"><span style=\"font-size: 12pt;\"><em>Pogodnych \u015awi\u0105t sp\u0119dzonych w rodzinnym gronie!<\/em><\/span><\/p>\n<p style=\"text-align: center;\"><span style=\"font-size: 12pt;\"><a href=\"https:\/\/photos.app.goo.gl\/NMNXZE1YArgUMoeF8\" target=\"_blank\" rel=\"noopener\"><img loading=\"lazy\" decoding=\"async\" class=\"size-full wp-image-477 aligncenter\" src=\"https:\/\/przedszkolestawiski.pl\/wp-content\/uploads\/2019\/01\/fotogaleria_przycisk.jpg\" alt=\"przycisk galeria\" width=\"800\" height=\"53\" srcset=\"https:\/\/przedszkolestawiski.pl\/wp-content\/uploads\/2019\/01\/fotogaleria_przycisk.jpg 800w, https:\/\/przedszkolestawiski.pl\/wp-content\/uploads\/2019\/01\/fotogaleria_przycisk-300x20.jpg 300w, https:\/\/przedszkolestawiski.pl\/wp-content\/uploads\/2019\/01\/fotogaleria_przycisk-768x51.jpg 768w\" sizes=\"auto, (max-width: 800px) 100vw, 800px\" \/><\/a><\/span><\/p>\n","protected":false},"excerpt":{"rendered":"<p>\u015arodowe zaj\u0119cia (16 grudnia) by\u0142y wyj\u0105tkowo kolorowe i pachn\u0105ce. Dzieci z grupy Wiewi\u00f3rek i\u00a0Biedronek pod czujnym okiem pani Iwony przygotowywa\u0142y \u015bwi\u0105teczne pierniki. Na stole pojawi\u0142&hellip;<\/p>\n","protected":false},"author":1,"featured_media":788,"comment_status":"closed","ping_status":"closed","sticky":false,"template":"","format":"standard","meta":{"ngg_post_thumbnail":0,"footnotes":""},"categories":[5],"tags":[],"class_list":["post-785","post","type-post","status-publish","format-standard","has-post-thumbnail","hentry","category-home"],"_links":{"self":[{"href":"https:\/\/przedszkolestawiski.pl\/index.php?rest_route=\/wp\/v2\/posts\/785","targetHints":{"allow":["GET"]}}],"collection":[{"href":"https:\/\/przedszkolestawiski.pl\/index.php?rest_route=\/wp\/v2\/posts"}],"about":[{"href":"https:\/\/przedszkolestawiski.pl\/index.php?rest_route=\/wp\/v2\/types\/post"}],"author":[{"embeddable":true,"href":"https:\/\/przedszkolestawiski.pl\/index.php?rest_route=\/wp\/v2\/users\/1"}],"replies":[{"embeddable":true,"href":"https:\/\/przedszkolestawiski.pl\/index.php?rest_route=%2Fwp%2Fv2%2Fcomments&post=785"}],"version-history":[{"count":7,"href":"https:\/\/przedszkolestawiski.pl\/index.php?rest_route=\/wp\/v2\/posts\/785\/revisions"}],"predecessor-version":[{"id":1101,"href":"https:\/\/przedszkolestawiski.pl\/index.php?rest_route=\/wp\/v2\/posts\/785\/revisions\/1101"}],"wp:featuredmedia":[{"embeddable":true,"href":"https:\/\/przedszkolestawiski.pl\/index.php?rest_route=\/wp\/v2\/media\/788"}],"wp:attachment":[{"href":"https:\/\/przedszkolestawiski.pl\/index.php?rest_route=%2Fwp%2Fv2%2Fmedia&parent=785"}],"wp:term":[{"taxonomy":"category","embeddable":true,"href":"https:\/\/przedszkolestawiski.pl\/index.php?rest_route=%2Fwp%2Fv2%2Fcategories&post=785"},{"taxonomy":"post_tag","embeddable":true,"href":"https:\/\/przedszkolestawiski.pl\/index.php?rest_route=%2Fwp%2Fv2%2Ftags&post=785"}],"curies":[{"name":"wp","href":"https:\/\/api.w.org\/{rel}","templated":true}]}}