{"id":750,"date":"2020-12-15T14:48:56","date_gmt":"2020-12-15T13:48:56","guid":{"rendered":"https:\/\/przedszkolestawiski.pl\/?p=750"},"modified":"2021-02-20T18:43:09","modified_gmt":"2021-02-20T17:43:09","slug":"mikolaj-w-przedszkolu","status":"publish","type":"post","link":"https:\/\/przedszkolestawiski.pl\/?p=750","title":{"rendered":"Miko\u0142aj w przedszkolu"},"content":{"rendered":"<blockquote>\n<p style=\"text-align: justify;\"><span style=\"font-size: 12pt;\"><em>,,Wszystkie dzieci Miko\u0142aja kochaj\u0105,<br \/>\n<\/em><em>Wszystkie dzieci na niego czekaj\u0105,<br \/>\n<\/em><em>Moc prezent\u00f3w ka\u017cdemu przyniesie,<br \/>\n<\/em><em>Ka\u017cde dziecko z prezent\u00f3w si\u0119 cieszy\u201d.<\/em><\/span><\/p>\n<\/blockquote>\n<p style=\"text-align: justify;\"><span style=\"font-size: 12pt;\">W poniedzia\u0142ek 7 grudnia nasze przedszkole odwiedzi\u0142 niecodzienny go\u015b\u0107. Swoje przybycie oznajmi\u0142 g\u0142o\u015bnym dzwonkiem i niezawodnym Hou, Hou, Hou. Mowa oczywi\u015bcie o Miko\u0142aju. Gdy tylko pojawi\u0142 si\u0119 w drzwiach, na wszystkich buziach zago\u015bci\u0142 pi\u0119kny u\u015bmiech. Przedszkolaki zgodnie przyzna\u0142y, \u017ce przez ca\u0142y rok by\u0142y bardzo grzeczne. Ka\u017cda grupa zaprezentowa\u0142a swoje wokalne umiej\u0119tno\u015bci za co zosta\u0142a przez Miko\u0142aja obdarowana ogromna torb\u0105 cukierk\u00f3w.<\/span><\/p>\n<p style=\"text-align: justify;\"><span style=\"font-size: 12pt;\">Staruszek obieca\u0142 dzieciom, \u017ce odwiedzi jej jeszcze raz z prezentami w wigilijny wiecz\u00f3r.<\/span><\/p>\n<p style=\"text-align: center;\"><span style=\"font-size: 12pt;\"><a href=\"https:\/\/photos.app.goo.gl\/UDVCGqRSLkCXpUDr5\" target=\"_blank\" rel=\"noopener\"><img loading=\"lazy\" decoding=\"async\" class=\"size-full wp-image-477 aligncenter\" src=\"https:\/\/przedszkolestawiski.pl\/wp-content\/uploads\/2019\/01\/fotogaleria_przycisk.jpg\" alt=\"przycisk galeria\" width=\"800\" height=\"53\" srcset=\"https:\/\/przedszkolestawiski.pl\/wp-content\/uploads\/2019\/01\/fotogaleria_przycisk.jpg 800w, https:\/\/przedszkolestawiski.pl\/wp-content\/uploads\/2019\/01\/fotogaleria_przycisk-300x20.jpg 300w, https:\/\/przedszkolestawiski.pl\/wp-content\/uploads\/2019\/01\/fotogaleria_przycisk-768x51.jpg 768w\" sizes=\"auto, (max-width: 800px) 100vw, 800px\" \/><\/a><\/span><\/p>\n","protected":false},"excerpt":{"rendered":"<p>,,Wszystkie dzieci Miko\u0142aja kochaj\u0105, Wszystkie dzieci na niego czekaj\u0105, Moc prezent\u00f3w ka\u017cdemu przyniesie, Ka\u017cde dziecko z prezent\u00f3w si\u0119 cieszy\u201d. W poniedzia\u0142ek 7 grudnia nasze przedszkole&hellip;<\/p>\n","protected":false},"author":1,"featured_media":753,"comment_status":"closed","ping_status":"closed","sticky":false,"template":"","format":"standard","meta":{"ngg_post_thumbnail":0,"footnotes":""},"categories":[5],"tags":[],"class_list":["post-750","post","type-post","status-publish","format-standard","has-post-thumbnail","hentry","category-home"],"_links":{"self":[{"href":"https:\/\/przedszkolestawiski.pl\/index.php?rest_route=\/wp\/v2\/posts\/750","targetHints":{"allow":["GET"]}}],"collection":[{"href":"https:\/\/przedszkolestawiski.pl\/index.php?rest_route=\/wp\/v2\/posts"}],"about":[{"href":"https:\/\/przedszkolestawiski.pl\/index.php?rest_route=\/wp\/v2\/types\/post"}],"author":[{"embeddable":true,"href":"https:\/\/przedszkolestawiski.pl\/index.php?rest_route=\/wp\/v2\/users\/1"}],"replies":[{"embeddable":true,"href":"https:\/\/przedszkolestawiski.pl\/index.php?rest_route=%2Fwp%2Fv2%2Fcomments&post=750"}],"version-history":[{"count":5,"href":"https:\/\/przedszkolestawiski.pl\/index.php?rest_route=\/wp\/v2\/posts\/750\/revisions"}],"predecessor-version":[{"id":1097,"href":"https:\/\/przedszkolestawiski.pl\/index.php?rest_route=\/wp\/v2\/posts\/750\/revisions\/1097"}],"wp:featuredmedia":[{"embeddable":true,"href":"https:\/\/przedszkolestawiski.pl\/index.php?rest_route=\/wp\/v2\/media\/753"}],"wp:attachment":[{"href":"https:\/\/przedszkolestawiski.pl\/index.php?rest_route=%2Fwp%2Fv2%2Fmedia&parent=750"}],"wp:term":[{"taxonomy":"category","embeddable":true,"href":"https:\/\/przedszkolestawiski.pl\/index.php?rest_route=%2Fwp%2Fv2%2Fcategories&post=750"},{"taxonomy":"post_tag","embeddable":true,"href":"https:\/\/przedszkolestawiski.pl\/index.php?rest_route=%2Fwp%2Fv2%2Ftags&post=750"}],"curies":[{"name":"wp","href":"https:\/\/api.w.org\/{rel}","templated":true}]}}