{"id":740,"date":"2020-12-09T09:13:25","date_gmt":"2020-12-09T08:13:25","guid":{"rendered":"https:\/\/przedszkolestawiski.pl\/?p=740"},"modified":"2021-02-20T18:42:13","modified_gmt":"2021-02-20T17:42:13","slug":"3-mln-zl-z-rzadowego-funduszu-inwestycji-lokalnych","status":"publish","type":"post","link":"https:\/\/przedszkolestawiski.pl\/?p=740","title":{"rendered":"3 mln z\u0142 z Rz\u0105dowego Funduszu Inwestycji Lokalnych!"},"content":{"rendered":"<p style=\"text-align: justify;\"><span style=\"font-size: 12pt;\">Wniosek o dofinansowanie rozbudowy i przebudowy \u0142\u0105cznika \u0142\u0105cz\u0105cego hal\u0119 sportow\u0105 z\u00a0budynkiem Szko\u0142y Podstawowej w Stawiskach zosta\u0142 pozytywnie rozpatrzony i na ten cel Gmina otrzyma 3 000 000 z\u0142. To kolejne ju\u017c wsparcie dla Stawisk z Rz\u0105dowego Funduszu Inwestycji Lokalnych.<\/span><\/p>\n<p style=\"text-align: justify;\"><span style=\"font-size: 12pt;\">Burmistrz Stawisk stara\u0142a si\u0119 m.in. o pieni\u0105dze na rozbudow\u0119 i przebudow\u0119 \u0142\u0105cznika mi\u0119dzy Szko\u0142\u0105 Podstawow\u0105 i nowobudowan\u0105 hal\u0105 sportow\u0105 w Stawiskach. Dzi\u0119ki tej inwestycji mo\u017cliwe b\u0119dzie utworzenie \u015bwietlicy dla uczni\u00f3w doje\u017cd\u017caj\u0105cych do szko\u0142y oraz sto\u0142\u00f3wki z zapleczem kuchennym. Realizacja zadania pozwoli te\u017c na d\u0142ugo wyczekiwane przeniesienie szatni z zawilgoconych piwnic budynku szko\u0142y, jak r\u00f3wnie\u017c utworzenie niezb\u0119dnych dla uczni\u00f3w i\u00a0pracownik\u00f3w szko\u0142y nowych \u0142azienek oraz modernizacj\u0119 ju\u017c istniej\u0105cych. \u0141\u0105cznik zapewni bezpieczne przemieszczanie si\u0119 uczni\u00f3w z budynku szko\u0142y do nowej hali sportowej.<\/span><\/p>\n<p style=\"text-align: justify;\"><span style=\"font-size: 12pt;\">Warto zaznaczy\u0107, i\u017c pierwotny projekt \u0142\u0105cznika nie zak\u0142ada\u0142 nowych szatni, \u015bwietlicy, sto\u0142\u00f3wki czy te\u017c modernizacji \u0142azienek. Z uwagi na bezpiecze\u0144stwo dzieci i pracownik\u00f3w szko\u0142y nale\u017ca\u0142o to jednak zmieni\u0107, dlatego te\u017c w\u0142adze naszej gminy podj\u0119\u0142y decyzj\u0119 o rozbudowie \u0142\u0105cznika.<\/span><\/p>\n<p style=\"text-align: right;\"><span style=\"font-size: 12pt;\"><em>Materia\u0142 pochodzi ze strony: <strong><span style=\"text-decoration: underline;\"><a href=\"https:\/\/stawiski.pl\/index.php?wiad=1665\" target=\"_blank\" rel=\"noopener\">stawiski.pl<\/a><\/span><\/strong><\/em><\/span><\/p>\n<p>&nbsp;<\/p>\n","protected":false},"excerpt":{"rendered":"<p>Uda\u0142o si\u0119 &#8211; wniosek o dofinansowanie rozbudowy i przebudowy \u0142\u0105cznika \u0142\u0105cz\u0105cego hal\u0119 sportow\u0105 z budynkiem szko\u0142y zosta\u0142 pozytywnie rozpatrzony!<\/p>\n","protected":false},"author":1,"featured_media":742,"comment_status":"closed","ping_status":"closed","sticky":false,"template":"","format":"standard","meta":{"ngg_post_thumbnail":0,"footnotes":""},"categories":[5],"tags":[],"class_list":["post-740","post","type-post","status-publish","format-standard","has-post-thumbnail","hentry","category-home"],"_links":{"self":[{"href":"https:\/\/przedszkolestawiski.pl\/index.php?rest_route=\/wp\/v2\/posts\/740","targetHints":{"allow":["GET"]}}],"collection":[{"href":"https:\/\/przedszkolestawiski.pl\/index.php?rest_route=\/wp\/v2\/posts"}],"about":[{"href":"https:\/\/przedszkolestawiski.pl\/index.php?rest_route=\/wp\/v2\/types\/post"}],"author":[{"embeddable":true,"href":"https:\/\/przedszkolestawiski.pl\/index.php?rest_route=\/wp\/v2\/users\/1"}],"replies":[{"embeddable":true,"href":"https:\/\/przedszkolestawiski.pl\/index.php?rest_route=%2Fwp%2Fv2%2Fcomments&post=740"}],"version-history":[{"count":9,"href":"https:\/\/przedszkolestawiski.pl\/index.php?rest_route=\/wp\/v2\/posts\/740\/revisions"}],"predecessor-version":[{"id":1095,"href":"https:\/\/przedszkolestawiski.pl\/index.php?rest_route=\/wp\/v2\/posts\/740\/revisions\/1095"}],"wp:featuredmedia":[{"embeddable":true,"href":"https:\/\/przedszkolestawiski.pl\/index.php?rest_route=\/wp\/v2\/media\/742"}],"wp:attachment":[{"href":"https:\/\/przedszkolestawiski.pl\/index.php?rest_route=%2Fwp%2Fv2%2Fmedia&parent=740"}],"wp:term":[{"taxonomy":"category","embeddable":true,"href":"https:\/\/przedszkolestawiski.pl\/index.php?rest_route=%2Fwp%2Fv2%2Fcategories&post=740"},{"taxonomy":"post_tag","embeddable":true,"href":"https:\/\/przedszkolestawiski.pl\/index.php?rest_route=%2Fwp%2Fv2%2Ftags&post=740"}],"curies":[{"name":"wp","href":"https:\/\/api.w.org\/{rel}","templated":true}]}}