{"id":382,"date":"2020-09-18T15:00:47","date_gmt":"2020-09-18T13:00:47","guid":{"rendered":"https:\/\/przedszkolestawiski.pl\/?p=382"},"modified":"2021-02-20T18:20:34","modified_gmt":"2021-02-20T17:20:34","slug":"zajecia-na-temat-ukladu-slonecznego","status":"publish","type":"post","link":"https:\/\/przedszkolestawiski.pl\/?p=382","title":{"rendered":"Zaj\u0119cia na temat uk\u0142adu s\u0142onecznego"},"content":{"rendered":"<p style=\"text-align: justify;\"><span style=\"font-size: 12pt;\">18 wrze\u015bnia nasze przedszkole odwiedzi\u0142y animatorki ze Stowarzyszenia &#8222;KLANZA&#8221;. W grupach &#8222;Je\u017cyki&#8221;, &#8222;Muchomorki&#8221; i &#8222;Motylki&#8221; poprowadzi\u0142y zaj\u0119cia na temat &#8222;Uk\u0142adu S\u0142onecznego&#8221;.<\/span><\/p>\n<p style=\"text-align: justify;\"><span style=\"font-size: 12pt;\">Dzieci przypomnia\u0142y sobie poznane wcze\u015bniej na zaj\u0119ciach podstawowe poj\u0119cia zwi\u0105zane z\u00a0tematem (planeta, gwiazda, ksi\u0119\u017cyc, orbita, wszech\u015bwiat, uk\u0142ad s\u0142oneczny). Obejrza\u0142y film edukacyjny pt. &#8222;Uk\u0142ad S\u0142oneczny&#8221;, dzi\u0119ki kt\u00f3remu utrwali\u0142y nazwy planet oraz pozna\u0142y r\u00f3\u017cne ciekawostki zwi\u0105zane z kosmosem.<\/span><\/p>\n<p style=\"text-align: justify;\"><span style=\"font-size: 12pt;\">Panie animatorki zadba\u0142y o weso\u0142\u0105 atmosfer\u0119 na zaj\u0119ciach, co sprawi\u0142o, \u017ce dzieci aktywnie bra\u0142y w nich udzia\u0142.<\/span><\/p>\n<p style=\"text-align: justify;\"><span style=\"font-size: 12pt;\">Zapraszamy do obejrzenia zdj\u0119\u0107 dokumentuj\u0105cych przebieg powy\u017cszych zaj\u0119\u0107.<\/span><\/p>\n<p><span style=\"font-size: 12pt;\"><a href=\"https:\/\/photos.app.goo.gl\/eY8MXvdiZuSw4pAWA\" target=\"_blank\" rel=\"noopener noreferrer\"><img loading=\"lazy\" decoding=\"async\" class=\"alignnone size-full wp-image-477 aligncenter\" src=\"https:\/\/przedszkolestawiski.pl\/wp-content\/uploads\/2019\/01\/fotogaleria_przycisk.jpg\" alt=\"przycisk galeria\" width=\"800\" height=\"53\" srcset=\"https:\/\/przedszkolestawiski.pl\/wp-content\/uploads\/2019\/01\/fotogaleria_przycisk.jpg 800w, https:\/\/przedszkolestawiski.pl\/wp-content\/uploads\/2019\/01\/fotogaleria_przycisk-300x20.jpg 300w, https:\/\/przedszkolestawiski.pl\/wp-content\/uploads\/2019\/01\/fotogaleria_przycisk-768x51.jpg 768w\" sizes=\"auto, (max-width: 800px) 100vw, 800px\" \/><\/a><\/span><\/p>\n","protected":false},"excerpt":{"rendered":"<p>18 wrze\u015bnia nasze przedszkole odwiedzi\u0142y animatorki ze Stowarzyszenia &#8222;KLANZA&#8221;<\/p>\n","protected":false},"author":1,"featured_media":385,"comment_status":"closed","ping_status":"closed","sticky":false,"template":"","format":"standard","meta":{"ngg_post_thumbnail":0,"footnotes":""},"categories":[5],"tags":[],"class_list":["post-382","post","type-post","status-publish","format-standard","has-post-thumbnail","hentry","category-home"],"_links":{"self":[{"href":"https:\/\/przedszkolestawiski.pl\/index.php?rest_route=\/wp\/v2\/posts\/382","targetHints":{"allow":["GET"]}}],"collection":[{"href":"https:\/\/przedszkolestawiski.pl\/index.php?rest_route=\/wp\/v2\/posts"}],"about":[{"href":"https:\/\/przedszkolestawiski.pl\/index.php?rest_route=\/wp\/v2\/types\/post"}],"author":[{"embeddable":true,"href":"https:\/\/przedszkolestawiski.pl\/index.php?rest_route=\/wp\/v2\/users\/1"}],"replies":[{"embeddable":true,"href":"https:\/\/przedszkolestawiski.pl\/index.php?rest_route=%2Fwp%2Fv2%2Fcomments&post=382"}],"version-history":[{"count":9,"href":"https:\/\/przedszkolestawiski.pl\/index.php?rest_route=\/wp\/v2\/posts\/382\/revisions"}],"predecessor-version":[{"id":1050,"href":"https:\/\/przedszkolestawiski.pl\/index.php?rest_route=\/wp\/v2\/posts\/382\/revisions\/1050"}],"wp:featuredmedia":[{"embeddable":true,"href":"https:\/\/przedszkolestawiski.pl\/index.php?rest_route=\/wp\/v2\/media\/385"}],"wp:attachment":[{"href":"https:\/\/przedszkolestawiski.pl\/index.php?rest_route=%2Fwp%2Fv2%2Fmedia&parent=382"}],"wp:term":[{"taxonomy":"category","embeddable":true,"href":"https:\/\/przedszkolestawiski.pl\/index.php?rest_route=%2Fwp%2Fv2%2Fcategories&post=382"},{"taxonomy":"post_tag","embeddable":true,"href":"https:\/\/przedszkolestawiski.pl\/index.php?rest_route=%2Fwp%2Fv2%2Ftags&post=382"}],"curies":[{"name":"wp","href":"https:\/\/api.w.org\/{rel}","templated":true}]}}