{"id":3312,"date":"2025-07-01T11:46:45","date_gmt":"2025-07-01T09:46:45","guid":{"rendered":"https:\/\/przedszkolestawiski.pl\/?p=3312"},"modified":"2025-07-01T11:50:51","modified_gmt":"2025-07-01T09:50:51","slug":"pozegnanie-starszakow-27-czerwca","status":"publish","type":"post","link":"https:\/\/przedszkolestawiski.pl\/?p=3312","title":{"rendered":"Po\u017cegnanie Starszak\u00f3w \u2013 27 czerwca"},"content":{"rendered":"<p>W pi\u0105tek, 27 czerwca, w naszym przedszkolu odby\u0142o si\u0119 wyj\u0105tkowe i wzruszaj\u0105ce wydarzenie \u2013 <strong>po\u017cegnanie Starszak\u00f3w<\/strong>, kt\u00f3rzy ju\u017c we wrze\u015bniu rozpoczn\u0105 nowy etap swojej edukacyjnej przygody w szkole podstawowej.<\/p>\n<p>Dzieci na t\u0119 okoliczno\u015b\u0107 przygotowa\u0142y pi\u0119kny wyst\u0119p artystyczny \u2013 by\u0142y piosenki, wiersze, ta\u0144ce i wspomnienia z przedszkolnych lat. Nie zabrak\u0142o te\u017c \u0142ez wzruszenia \u2013 zar\u00f3wno w\u015br\u00f3d dzieci, jak i rodzic\u00f3w oraz nauczycieli. To by\u0142 moment pe\u0142en emocji, wdzi\u0119czno\u015bci i dumy z tego, jak wiele nasze przedszkolaki nauczy\u0142y si\u0119 i jak wspaniale si\u0119 rozwin\u0119\u0142y.<\/p>\n<p>Swoich starszych koleg\u00f3w po\u017cegna\u0142y r\u00f3wnie\u017c <strong>5-latki \u2013 przyszli Starszacy<\/strong>, kt\u00f3rzy w kilku ciep\u0142ych s\u0142owach podzi\u0119kowali im za wsp\u00f3lnie sp\u0119dzony czas i \u017cyczyli powodzenia w szkole. To by\u0142 pi\u0119kny gest \u015bwiadcz\u0105cy o wi\u0119zi, jaka \u0142\u0105czy\u0142a wszystkie dzieci w przedszkolnej spo\u0142eczno\u015bci. Na zako\u0144czenie uroczysto\u015bci dzieci otrzyma\u0142y od swoich pa\u0144 pami\u0105tkowe dyplomy, upominki oraz \u017cyczenia powodzenia w szkole.<\/p>\n<p>Rodzicom dzi\u0119kujemy za wsp\u00f3\u0142prac\u0119 i zaufanie, a naszym kochanym absolwentom \u017cyczymy samych sukces\u00f3w, wspania\u0142ych przyjaci\u00f3\u0142 i rado\u015bci z odkrywania szkolnego \u015bwiata!<\/p>\n<p>Dzi\u0119kujemy za wsp\u00f3lnie sp\u0119dzone lata \u2013 zawsze b\u0119dziecie cz\u0119\u015bci\u0105 naszej przedszkolnej rodziny!<\/p>\n<p>&nbsp;<\/p>\n<p><a href=\"https:\/\/photos.app.goo.gl\/FJKyz4zXPNwfRmxw7\"><img loading=\"lazy\" decoding=\"async\" class=\"aligncenter wp-image-477 size-full\" src=\"https:\/\/przedszkolestawiski.pl\/wp-content\/uploads\/2019\/01\/fotogaleria_przycisk.jpg\" alt=\"przycisk galeria\" width=\"800\" height=\"53\" srcset=\"https:\/\/przedszkolestawiski.pl\/wp-content\/uploads\/2019\/01\/fotogaleria_przycisk.jpg 800w, https:\/\/przedszkolestawiski.pl\/wp-content\/uploads\/2019\/01\/fotogaleria_przycisk-300x20.jpg 300w, https:\/\/przedszkolestawiski.pl\/wp-content\/uploads\/2019\/01\/fotogaleria_przycisk-768x51.jpg 768w\" sizes=\"auto, (max-width: 800px) 100vw, 800px\" \/><\/a><\/p>\n","protected":false},"excerpt":{"rendered":"<p>W pi\u0105tek, 27 czerwca, w naszym przedszkolu odby\u0142o si\u0119 wyj\u0105tkowe i wzruszaj\u0105ce wydarzenie \u2013 po\u017cegnanie Starszak\u00f3w, kt\u00f3rzy ju\u017c we wrze\u015bniu rozpoczn\u0105 nowy etap swojej edukacyjnej&hellip;<\/p>\n","protected":false},"author":1,"featured_media":3316,"comment_status":"closed","ping_status":"closed","sticky":false,"template":"","format":"standard","meta":{"ngg_post_thumbnail":0,"footnotes":""},"categories":[5],"tags":[],"class_list":["post-3312","post","type-post","status-publish","format-standard","has-post-thumbnail","hentry","category-home"],"_links":{"self":[{"href":"https:\/\/przedszkolestawiski.pl\/index.php?rest_route=\/wp\/v2\/posts\/3312","targetHints":{"allow":["GET"]}}],"collection":[{"href":"https:\/\/przedszkolestawiski.pl\/index.php?rest_route=\/wp\/v2\/posts"}],"about":[{"href":"https:\/\/przedszkolestawiski.pl\/index.php?rest_route=\/wp\/v2\/types\/post"}],"author":[{"embeddable":true,"href":"https:\/\/przedszkolestawiski.pl\/index.php?rest_route=\/wp\/v2\/users\/1"}],"replies":[{"embeddable":true,"href":"https:\/\/przedszkolestawiski.pl\/index.php?rest_route=%2Fwp%2Fv2%2Fcomments&post=3312"}],"version-history":[{"count":3,"href":"https:\/\/przedszkolestawiski.pl\/index.php?rest_route=\/wp\/v2\/posts\/3312\/revisions"}],"predecessor-version":[{"id":3315,"href":"https:\/\/przedszkolestawiski.pl\/index.php?rest_route=\/wp\/v2\/posts\/3312\/revisions\/3315"}],"wp:featuredmedia":[{"embeddable":true,"href":"https:\/\/przedszkolestawiski.pl\/index.php?rest_route=\/wp\/v2\/media\/3316"}],"wp:attachment":[{"href":"https:\/\/przedszkolestawiski.pl\/index.php?rest_route=%2Fwp%2Fv2%2Fmedia&parent=3312"}],"wp:term":[{"taxonomy":"category","embeddable":true,"href":"https:\/\/przedszkolestawiski.pl\/index.php?rest_route=%2Fwp%2Fv2%2Fcategories&post=3312"},{"taxonomy":"post_tag","embeddable":true,"href":"https:\/\/przedszkolestawiski.pl\/index.php?rest_route=%2Fwp%2Fv2%2Ftags&post=3312"}],"curies":[{"name":"wp","href":"https:\/\/api.w.org\/{rel}","templated":true}]}}