{"id":3222,"date":"2025-04-02T14:21:14","date_gmt":"2025-04-02T12:21:14","guid":{"rendered":"https:\/\/przedszkolestawiski.pl\/?p=3222"},"modified":"2025-04-02T14:21:14","modified_gmt":"2025-04-02T12:21:14","slug":"przedszkolaki-na-przedstawieniu-alladyn","status":"publish","type":"post","link":"https:\/\/przedszkolestawiski.pl\/?p=3222","title":{"rendered":"Przedszkolaki na przedstawieniu &#8222;Alladyn&#8221;"},"content":{"rendered":"<p>31 marca dzieci z naszego przedszkola mia\u0142y okazj\u0119 prze\u017cy\u0107 niezwyk\u0142\u0105 przygod\u0119! Tego dnia wyruszy\u0142y autobusami do Miejskiego O\u015brodka Kultury i Sportu w Kolnie, gdzie obejrza\u0142y muzyczn\u0105 opowie\u015b\u0107 pt <strong>&#8222;Alladyn \u2013 ba\u015b\u0144 tysi\u0105ca i jednej nocy&#8221;<\/strong>, przygotowany przez <strong>Katolicki Teatr Edukacji z Krakowa<\/strong>.<\/p>\n<p>Gdzie\u015b\u2026 w odleg\u0142ej krainie, kt\u00f3r\u0105 wiatr pustyni opowiada, w pi\u0119knym pa\u0142acu na szczycie g\u00f3ry, \u017cyje przecudnej urody ksi\u0119\u017cniczka D\u017camila. Ksi\u0119\u017cniczka (niestety, w bajkach tak ju\u017c cz\u0119sto bywa) cho\u0107 pi\u0119kna jest nieszcz\u0119\u015bliwa.. Nudzi j\u0105 \u017cycie w pa\u0142acowych murach, marzy o wolno\u015bci, chce by\u0107 w\u015br\u00f3d ludzi. Chce dozna\u0107 prawdziwej mi\u0142o\u015bci i zrozumie\u0107 co znaczy: kocha\u0107. Jednak do tej pory jej si\u0119 to nie uda\u0142o.<\/p>\n<p>Jej tata Su\u0142tan, cho\u0107 ma dobre serce, pragnie wyda\u0107 c\u00f3rk\u0119 za prawdziwego ksi\u0119cia. Tak nakazuje odwieczna tradycja, kt\u00f3rej on, jako w\u0142adca kraju musi bezwzgl\u0119dnie dochowa\u0107. Widzi, \u017ce jego c\u00f3rka jest ci\u0105gle smutna, lecz nie potrafi sprawi\u0107, aby u\u015bmiech znowu pojawi\u0142 si\u0119 na jej twarzy. Tak spokojnie mija\u0142 im czas\u2026. Nie przeczuwali, \u017ce ju\u017c nied\u0142ugo zdarzy si\u0119 co\u015b, co na zawsze odmieni ich los\u2026<\/p>\n<p>Alladyn. Nie ka\u017cdy rodzi si\u0119 bohaterem. Ten jednak stanowi niezwyk\u0142y wyj\u0105tek. Ubogi ch\u0142opiec nie wie jeszcze, \u017ce b\u0119dzie musia\u0142 podj\u0105\u0107 prawdziwe wyzwanie, aby uratowa\u0107 swoj\u0105 ukochan\u0105 , w kt\u00f3rej zakochuje si\u0119 od pierwszego wejrzenia, kiedy spotyka ja na miejskim targu. Odt\u0105d jego sercem rz\u0105dzi tylko ona \u2013 D\u017camila. Ch\u0142opiec wie, \u017ce nie jest godzien r\u0119ki prawdziwej ksi\u0119\u017cniczki, ale got\u00f3w jest zrobi\u0107 wszystko, by ona go pokocha\u0142a. Alladyn na swej drodze spotyka Zafira, podst\u0119pnego wezyra, kt\u00f3ry tak\u017ce ma ch\u0119\u0107 na r\u0119k\u0119 ksi\u0119\u017cniczki, tron i w\u0142adz\u0119 w ca\u0142ym kr\u00f3lestwie. To on wysy\u0142a Alladyna na pewn\u0105 \u015bmier\u0107\u2026 Lecz oto przez przypadek m\u0142odzieniec znajduje zaczarowan\u0105 lamp\u0119 i uwalnia mieszkaj\u0105cego w niej d\u017cina. Okazuje si\u0119, \u017ce to prawdziwy duch, kt\u00f3ry spe\u0142nia trzy \u017cyczenia swego pana. Odt\u0105d staj\u0105 si\u0119 dla siebie prawdziwymi przyjaci\u00f3\u0142mi i razem stawiaj\u0105 czo\u0142a niezwyk\u0142ym przygodom.<\/p>\n<p>Czy dali sobie rad\u0119? Czy mi\u0142o\u015b\u0107 zwyci\u0119\u017cy\u0142a? Czy moc przyja\u017ani pokona\u0142a z\u0142o? Zapytajcie przedszkolak\u00f3w, kt\u00f3rzy z zapartym tchem \u015bledzi\u0142y losy Alladyna, zaczarowanej lampy i D\u017cina, podziwiaj\u0105c barwne stroje, pi\u0119kn\u0105 scenografi\u0119 oraz pe\u0142n\u0105 emocji gr\u0119 aktor\u00f3w. Przedstawienie dostarczy\u0142o wszystkim wielu wra\u017ce\u0144, a magiczna atmosfera orientalnej ba\u015bni na d\u0142ugo pozostanie w pami\u0119ci dzieci.<\/p>\n<p>Po spektaklu w doskona\u0142ych humorach wr\u00f3cili\u015bmy do przedszkola, pe\u0142ni wra\u017ce\u0144 i opowie\u015bci o przygodach Alladyna. To by\u0142a niezapomniana wycieczka!<\/p>\nngg_shortcode_0_placeholder\n","protected":false},"excerpt":{"rendered":"<p>31 marca dzieci z naszego przedszkola mia\u0142y okazj\u0119 prze\u017cy\u0107 niezwyk\u0142\u0105 przygod\u0119! Tego dnia wyruszy\u0142y autobusami do Miejskiego O\u015brodka Kultury i Sportu w Kolnie, gdzie obejrza\u0142y&hellip;<\/p>\n","protected":false},"author":1,"featured_media":3228,"comment_status":"closed","ping_status":"closed","sticky":false,"template":"","format":"standard","meta":{"ngg_post_thumbnail":0,"footnotes":""},"categories":[5],"tags":[],"class_list":["post-3222","post","type-post","status-publish","format-standard","has-post-thumbnail","hentry","category-home"],"_links":{"self":[{"href":"https:\/\/przedszkolestawiski.pl\/index.php?rest_route=\/wp\/v2\/posts\/3222","targetHints":{"allow":["GET"]}}],"collection":[{"href":"https:\/\/przedszkolestawiski.pl\/index.php?rest_route=\/wp\/v2\/posts"}],"about":[{"href":"https:\/\/przedszkolestawiski.pl\/index.php?rest_route=\/wp\/v2\/types\/post"}],"author":[{"embeddable":true,"href":"https:\/\/przedszkolestawiski.pl\/index.php?rest_route=\/wp\/v2\/users\/1"}],"replies":[{"embeddable":true,"href":"https:\/\/przedszkolestawiski.pl\/index.php?rest_route=%2Fwp%2Fv2%2Fcomments&post=3222"}],"version-history":[{"count":6,"href":"https:\/\/przedszkolestawiski.pl\/index.php?rest_route=\/wp\/v2\/posts\/3222\/revisions"}],"predecessor-version":[{"id":3239,"href":"https:\/\/przedszkolestawiski.pl\/index.php?rest_route=\/wp\/v2\/posts\/3222\/revisions\/3239"}],"wp:featuredmedia":[{"embeddable":true,"href":"https:\/\/przedszkolestawiski.pl\/index.php?rest_route=\/wp\/v2\/media\/3228"}],"wp:attachment":[{"href":"https:\/\/przedszkolestawiski.pl\/index.php?rest_route=%2Fwp%2Fv2%2Fmedia&parent=3222"}],"wp:term":[{"taxonomy":"category","embeddable":true,"href":"https:\/\/przedszkolestawiski.pl\/index.php?rest_route=%2Fwp%2Fv2%2Fcategories&post=3222"},{"taxonomy":"post_tag","embeddable":true,"href":"https:\/\/przedszkolestawiski.pl\/index.php?rest_route=%2Fwp%2Fv2%2Ftags&post=3222"}],"curies":[{"name":"wp","href":"https:\/\/api.w.org\/{rel}","templated":true}]}}