{"id":3113,"date":"2024-12-09T15:27:04","date_gmt":"2024-12-09T14:27:04","guid":{"rendered":"https:\/\/przedszkolestawiski.pl\/?p=3113"},"modified":"2024-12-09T15:30:35","modified_gmt":"2024-12-09T14:30:35","slug":"mikolajki-2024","status":"publish","type":"post","link":"https:\/\/przedszkolestawiski.pl\/?p=3113","title":{"rendered":"Miko\u0142ajki 2024"},"content":{"rendered":"<p>6 grudnia w naszym przedszkolu to jeden z najbardziej wyczekiwanych dni w roku. Tego dnia obchodzimy Miko\u0142ajki. A poniewa\u017c w naszym przedszkolu wszystkie dzieci s\u0105 bardzo grzeczne wiadomo by\u0142o, \u017ce Miko\u0142aj na pewno zawita w nasze progi.<\/p>\n<p>Pierwszy zjawi\u0142 si\u0119 zaraz po \u015bniadaniu, przynosz\u0105c wype\u0142nione po brzegi worki prezent\u00f3w. Opr\u00f3cz podark\u00f3w, dzieci otrzyma\u0142y tak\u017ce czekoladowe upominki przekazane nam jak co roku przez Pana Zbigniewa Skrodzkiego. Maluchy w podzi\u0119kowaniu za wizyt\u0119 zaprezentowa\u0142y przygotowane piosenki, kt\u00f3re Miko\u0142aj przyj\u0105\u0142 z u\u015bmiechem i brawami. Na pytanie, czy by\u0142y grzeczne, wszystkie dzieci zgodnie przytakiwa\u0142y, co wywo\u0142a\u0142o serdeczny \u015bmiech w\u015br\u00f3d opiekunek. Poza tym najm\u0142odsi wykazali si\u0119 du\u017c\u0105 odwag\u0105 i z rado\u015bci\u0105, podchodzi\u0142y do Miko\u0142aja, aby zrobi\u0107 sobie pami\u0105tkowe zdj\u0119cie.<\/p>\n<p>Po obiedzie dzieci zgromadzone na placu przedszkolnym z niecierpliwo\u015bci\u0105 oczekiwa\u0142y kolejnych go\u015bci. Dok\u0142adnie o godzinie 12.00 z oddali da\u0142 si\u0119 s\u0142ysze\u0107 d\u017awi\u0119k dzwonk\u00f3w a wkr\u00f3tce naszym oczom ukaza\u0142 si\u0119 niecodzienny orszak &#8211; do przedszkola zbli\u017ca\u0142o si\u0119 a\u017c trzech Miko\u0142aj\u00f3w wraz ze swoimi pomocnicami. Spotkanie na \u015bwie\u017cym powietrzu by\u0142o r\u00f3wnie emocjonuj\u0105ce &#8211; \u015awi\u0119ci Miko\u0142ajowie obdarowali przedszkolaki s\u0142odyczami, dostarczaj\u0105c mn\u00f3stwo rado\u015bci. Obiecali te\u017c odwiedzi\u0107 dzieci z kolejnymi prezentami w ich rodzinnych domach w wiecz\u00f3r wigilijny.<\/p>\n<p>Dwa spotkania z Miko\u0142ajami sprawi\u0142y, \u017ce ten dzie\u0144 sta\u0142 si\u0119 wyj\u0105tkowo magiczny i pe\u0142en wra\u017ce\u0144. Dzieci wr\u00f3ci\u0142y do dom\u00f3w z szerokimi u\u015bmiechami i niezapomnianymi wspomnieniami.<\/p>\n<p><a href=\"https:\/\/photos.app.goo.gl\/ugQj1f7Ccoihfj3V8\"><img loading=\"lazy\" decoding=\"async\" class=\"aligncenter wp-image-477 size-full\" src=\"https:\/\/przedszkolestawiski.pl\/wp-content\/uploads\/2019\/01\/fotogaleria_przycisk.jpg\" alt=\"przycisk galeria\" width=\"800\" height=\"53\" srcset=\"https:\/\/przedszkolestawiski.pl\/wp-content\/uploads\/2019\/01\/fotogaleria_przycisk.jpg 800w, https:\/\/przedszkolestawiski.pl\/wp-content\/uploads\/2019\/01\/fotogaleria_przycisk-300x20.jpg 300w, https:\/\/przedszkolestawiski.pl\/wp-content\/uploads\/2019\/01\/fotogaleria_przycisk-768x51.jpg 768w\" sizes=\"auto, (max-width: 800px) 100vw, 800px\" \/><\/a><\/p>\n","protected":false},"excerpt":{"rendered":"<p>6 grudnia w naszym przedszkolu to jeden z najbardziej wyczekiwanych dni w roku. Tego dnia obchodzimy Miko\u0142ajki&#8230;<\/p>\n","protected":false},"author":1,"featured_media":3118,"comment_status":"closed","ping_status":"closed","sticky":false,"template":"","format":"standard","meta":{"ngg_post_thumbnail":0,"footnotes":""},"categories":[5],"tags":[],"class_list":["post-3113","post","type-post","status-publish","format-standard","has-post-thumbnail","hentry","category-home"],"_links":{"self":[{"href":"https:\/\/przedszkolestawiski.pl\/index.php?rest_route=\/wp\/v2\/posts\/3113","targetHints":{"allow":["GET"]}}],"collection":[{"href":"https:\/\/przedszkolestawiski.pl\/index.php?rest_route=\/wp\/v2\/posts"}],"about":[{"href":"https:\/\/przedszkolestawiski.pl\/index.php?rest_route=\/wp\/v2\/types\/post"}],"author":[{"embeddable":true,"href":"https:\/\/przedszkolestawiski.pl\/index.php?rest_route=\/wp\/v2\/users\/1"}],"replies":[{"embeddable":true,"href":"https:\/\/przedszkolestawiski.pl\/index.php?rest_route=%2Fwp%2Fv2%2Fcomments&post=3113"}],"version-history":[{"count":4,"href":"https:\/\/przedszkolestawiski.pl\/index.php?rest_route=\/wp\/v2\/posts\/3113\/revisions"}],"predecessor-version":[{"id":3117,"href":"https:\/\/przedszkolestawiski.pl\/index.php?rest_route=\/wp\/v2\/posts\/3113\/revisions\/3117"}],"wp:featuredmedia":[{"embeddable":true,"href":"https:\/\/przedszkolestawiski.pl\/index.php?rest_route=\/wp\/v2\/media\/3118"}],"wp:attachment":[{"href":"https:\/\/przedszkolestawiski.pl\/index.php?rest_route=%2Fwp%2Fv2%2Fmedia&parent=3113"}],"wp:term":[{"taxonomy":"category","embeddable":true,"href":"https:\/\/przedszkolestawiski.pl\/index.php?rest_route=%2Fwp%2Fv2%2Fcategories&post=3113"},{"taxonomy":"post_tag","embeddable":true,"href":"https:\/\/przedszkolestawiski.pl\/index.php?rest_route=%2Fwp%2Fv2%2Ftags&post=3113"}],"curies":[{"name":"wp","href":"https:\/\/api.w.org\/{rel}","templated":true}]}}