{"id":3098,"date":"2024-11-27T13:13:35","date_gmt":"2024-11-27T12:13:35","guid":{"rendered":"https:\/\/przedszkolestawiski.pl\/?p=3098"},"modified":"2024-11-27T13:29:50","modified_gmt":"2024-11-27T12:29:50","slug":"dzien-pluszowego-misia-3","status":"publish","type":"post","link":"https:\/\/przedszkolestawiski.pl\/?p=3098","title":{"rendered":"Dzie\u0144 Pluszowego Misia"},"content":{"rendered":"<p>Du\u017ce, ma\u0142e, kolorowe, puchate i mi\u0119ciutkie &#8211; pluszowe misie oraz inne przytulanki 25 listopada opanowa\u0142y nasze przedszkole. Przyby\u0142y wraz ze swoimi ma\u0142ymi w\u0142a\u015bcicielami, by wsp\u00f3lnie bawi\u0107 si\u0119 i \u015bwi\u0119towa\u0107 \u015awiatowy Dzie\u0144 Pluszowego Misia.<\/p>\n<p>Dzie\u0144 rozpocz\u0105\u0142 si\u0119 od przedstawienia swoich ulubionych pluszak\u00f3w oraz poznania historii powstania pluszowego misia. Nasi milusi\u0144scy dowiedzieli si\u0119 r\u00f3wnie\u017c, jak wa\u017cn\u0105 rol\u0119 pe\u0142ni mi\u015b w ich \u017cyciu \u2013 jako pierwszy przyjaciel, kt\u00f3ry uczy troski, empatii i daje poczucie bezpiecze\u0144stwa. Po zapoznaniu si\u0119 z histori\u0105 \u015bwi\u0119ta dzieci z uwag\u0105 s\u0142ucha\u0142y bajek o misiach, trafnie odgadywa\u0142y zagadki i bra\u0142y udzia\u0142 w konkursach oraz zabawach dydaktycznych. Nie zabrak\u0142o tak\u017ce zabaw muzyczno-ruchowych przy misiowych piosenkach. Przedszkolaki wykona\u0142y kreatywne prace plastyczne, a na pami\u0105tk\u0119 tego radosnego dnia robi\u0142y zdj\u0119cia w kolorowej &#8222;misiowej fotobudce&#8221;.<\/p>\n<p>Ponadczasowo\u015b\u0107 pluszowych misi\u00f3w sprawia, \u017ce bajki, w kt\u00f3rych g\u0142\u00f3wn\u0105 rol\u0119 odgrywaj\u0105 misie, s\u0105 ch\u0119tnie ogl\u0105dane przez kolejne pokolenia dzieci. Dlatego w tym dniu przedszkolaki mia\u0142y okazj\u0119 zapozna\u0107 si\u0119 i obejrze\u0107 przygody Misia Yogi, Coralgola, Kubusia Puchatka oraz Misia Uszatka.<\/p>\n<p>Ten wyj\u0105tkowy dzie\u0144 by\u0142 pe\u0142en u\u015bmiechu i \u015bwietnej zabawy. Dzieci by\u0142y szcz\u0119\u015bliwe, \u017ce mog\u0142y sp\u0119dzi\u0107 tyle czasu ze swoimi pluszowymi ulubie\u0144cami oraz zaprezentowa\u0107 je kole\u017cankom i kolegom z grupy. Na zako\u0144czenie jednog\u0142o\u015bnie przyzna\u0142y, \u017ce mi\u015b to najlepszy przyjaciel ka\u017cdego dziecka.<\/p>\n<p><a href=\"https:\/\/photos.app.goo.gl\/SP9Tk9v8v9uNui8E8\"><img loading=\"lazy\" decoding=\"async\" class=\"aligncenter wp-image-477 size-full\" src=\"https:\/\/przedszkolestawiski.pl\/wp-content\/uploads\/2019\/01\/fotogaleria_przycisk.jpg\" alt=\"przycisk galeria\" width=\"800\" height=\"53\" srcset=\"https:\/\/przedszkolestawiski.pl\/wp-content\/uploads\/2019\/01\/fotogaleria_przycisk.jpg 800w, https:\/\/przedszkolestawiski.pl\/wp-content\/uploads\/2019\/01\/fotogaleria_przycisk-300x20.jpg 300w, https:\/\/przedszkolestawiski.pl\/wp-content\/uploads\/2019\/01\/fotogaleria_przycisk-768x51.jpg 768w\" sizes=\"auto, (max-width: 800px) 100vw, 800px\" \/><\/a><\/p>\n","protected":false},"excerpt":{"rendered":"<p>Du\u017ce, ma\u0142e, kolorowe, puchate i mi\u0119ciutkie &#8211; pluszowe misie oraz inne przytulanki 25 listopada opanowa\u0142y nasze przedszkole&#8230;<\/p>\n","protected":false},"author":1,"featured_media":3101,"comment_status":"closed","ping_status":"closed","sticky":false,"template":"","format":"standard","meta":{"ngg_post_thumbnail":0,"footnotes":""},"categories":[5],"tags":[],"class_list":["post-3098","post","type-post","status-publish","format-standard","has-post-thumbnail","hentry","category-home"],"_links":{"self":[{"href":"https:\/\/przedszkolestawiski.pl\/index.php?rest_route=\/wp\/v2\/posts\/3098","targetHints":{"allow":["GET"]}}],"collection":[{"href":"https:\/\/przedszkolestawiski.pl\/index.php?rest_route=\/wp\/v2\/posts"}],"about":[{"href":"https:\/\/przedszkolestawiski.pl\/index.php?rest_route=\/wp\/v2\/types\/post"}],"author":[{"embeddable":true,"href":"https:\/\/przedszkolestawiski.pl\/index.php?rest_route=\/wp\/v2\/users\/1"}],"replies":[{"embeddable":true,"href":"https:\/\/przedszkolestawiski.pl\/index.php?rest_route=%2Fwp%2Fv2%2Fcomments&post=3098"}],"version-history":[{"count":3,"href":"https:\/\/przedszkolestawiski.pl\/index.php?rest_route=\/wp\/v2\/posts\/3098\/revisions"}],"predecessor-version":[{"id":3102,"href":"https:\/\/przedszkolestawiski.pl\/index.php?rest_route=\/wp\/v2\/posts\/3098\/revisions\/3102"}],"wp:featuredmedia":[{"embeddable":true,"href":"https:\/\/przedszkolestawiski.pl\/index.php?rest_route=\/wp\/v2\/media\/3101"}],"wp:attachment":[{"href":"https:\/\/przedszkolestawiski.pl\/index.php?rest_route=%2Fwp%2Fv2%2Fmedia&parent=3098"}],"wp:term":[{"taxonomy":"category","embeddable":true,"href":"https:\/\/przedszkolestawiski.pl\/index.php?rest_route=%2Fwp%2Fv2%2Fcategories&post=3098"},{"taxonomy":"post_tag","embeddable":true,"href":"https:\/\/przedszkolestawiski.pl\/index.php?rest_route=%2Fwp%2Fv2%2Ftags&post=3098"}],"curies":[{"name":"wp","href":"https:\/\/api.w.org\/{rel}","templated":true}]}}