{"id":3056,"date":"2024-11-21T15:03:24","date_gmt":"2024-11-21T14:03:24","guid":{"rendered":"https:\/\/przedszkolestawiski.pl\/?p=3056"},"modified":"2024-11-21T15:03:24","modified_gmt":"2024-11-21T14:03:24","slug":"pasowanie-na-przedszkolaka-3","status":"publish","type":"post","link":"https:\/\/przedszkolestawiski.pl\/?p=3056","title":{"rendered":"Pasowanie na Przedszkolaka"},"content":{"rendered":"<p>Dnia 18.11.2024r &nbsp;w naszym przedszkolu odby\u0142a si\u0119 wyj\u0105tkowa uroczysto\u015b\u0107 \u2013 <strong>Pasowanie na Przedszkolaka<\/strong>. By\u0142 to szczeg\u00f3lny dzie\u0144, pe\u0142en emocji, rado\u015bci i dumy, zar\u00f3wno dla dzieci, jak i ich rodzic\u00f3w.<\/p>\n<p>Uroczysto\u015b\u0107 rozpocz\u0119\u0142a si\u0119 od wyst\u0119p\u00f3w naszych najm\u0142odszych przedszkolak\u00f3w, kt\u00f3rzy zaprezentowali wierszyki i piosenki, pokazuj\u0105c, jak wiele ju\u017c potrafi\u0105. Nast\u0119pnie, w obecno\u015bci zaproszonych go\u015bci, dzieci z\u0142o\u017cy\u0142y uroczyst\u0105 przysi\u0119g\u0119, obiecuj\u0105c:<\/p>\n<ul>\n<li>by\u0107 dzielnymi przedszkolakami,<\/li>\n<li>szanowa\u0107 swoich koleg\u00f3w i kole\u017canki,<\/li>\n<li>z u\u015bmiechem zdobywa\u0107 nowe umiej\u0119tno\u015bci.<\/li>\n<\/ul>\n<p>Punktem kulminacyjnym by\u0142o symboliczne pasowanie, kt\u00f3re przeprowadzi\u0142a Pani Urszula \u0141akus Dzi\u0119gielewska, dotykaj\u0105c ka\u017cde dziecko du\u017c\u0105 kredk\u0105 i wypowiadaj\u0105c s\u0142owa: &#8222;<em>Pasuj\u0119 Ci\u0119 na Przedszkolaka!&#8221;<\/em>.<\/p>\n<p>Ka\u017cde dziecko otrzyma\u0142o pami\u0105tkowy dyplom oraz drobny upominek, aby ten dzie\u0144 na d\u0142ugo pozosta\u0142 w ich pami\u0119ci. Gratulujemy wszystkim nowo pasowanym Przedszkolakom! Jeste\u015bmy dumni, \u017ce jeste\u015bcie cz\u0119\u015bci\u0105 naszej przedszkolnej rodziny. &#x1f60a;<\/p>\n<p>Zapraszamy do galerii zdj\u0119\u0107 z wydarzenia!<a href=\"https:\/\/photos.app.goo.gl\/hFJE6ivNwZMhTGBj7\"><br \/>\n<\/a><a href=\"https:\/\/photos.app.goo.gl\/hFJE6ivNwZMhTGBj7\"><img loading=\"lazy\" decoding=\"async\" class=\"aligncenter wp-image-477 size-full\" src=\"https:\/\/przedszkolestawiski.pl\/wp-content\/uploads\/2019\/01\/fotogaleria_przycisk.jpg\" alt=\"przycisk galeria\" width=\"800\" height=\"53\" srcset=\"https:\/\/przedszkolestawiski.pl\/wp-content\/uploads\/2019\/01\/fotogaleria_przycisk.jpg 800w, https:\/\/przedszkolestawiski.pl\/wp-content\/uploads\/2019\/01\/fotogaleria_przycisk-300x20.jpg 300w, https:\/\/przedszkolestawiski.pl\/wp-content\/uploads\/2019\/01\/fotogaleria_przycisk-768x51.jpg 768w\" sizes=\"auto, (max-width: 800px) 100vw, 800px\" \/><\/a><\/p>\n","protected":false},"excerpt":{"rendered":"<p>Dnia 18.11.2024r &nbsp;w naszym przedszkolu odby\u0142a si\u0119 wyj\u0105tkowa uroczysto\u015b\u0107 \u2013 Pasowanie na Przedszkolaka. By\u0142 to szczeg\u00f3lny dzie\u0144, pe\u0142en emocji, rado\u015bci i dumy, zar\u00f3wno dla dzieci,&hellip;<\/p>\n","protected":false},"author":1,"featured_media":3061,"comment_status":"closed","ping_status":"closed","sticky":false,"template":"","format":"standard","meta":{"ngg_post_thumbnail":0,"footnotes":""},"categories":[5],"tags":[],"class_list":["post-3056","post","type-post","status-publish","format-standard","has-post-thumbnail","hentry","category-home"],"_links":{"self":[{"href":"https:\/\/przedszkolestawiski.pl\/index.php?rest_route=\/wp\/v2\/posts\/3056","targetHints":{"allow":["GET"]}}],"collection":[{"href":"https:\/\/przedszkolestawiski.pl\/index.php?rest_route=\/wp\/v2\/posts"}],"about":[{"href":"https:\/\/przedszkolestawiski.pl\/index.php?rest_route=\/wp\/v2\/types\/post"}],"author":[{"embeddable":true,"href":"https:\/\/przedszkolestawiski.pl\/index.php?rest_route=\/wp\/v2\/users\/1"}],"replies":[{"embeddable":true,"href":"https:\/\/przedszkolestawiski.pl\/index.php?rest_route=%2Fwp%2Fv2%2Fcomments&post=3056"}],"version-history":[{"count":3,"href":"https:\/\/przedszkolestawiski.pl\/index.php?rest_route=\/wp\/v2\/posts\/3056\/revisions"}],"predecessor-version":[{"id":3060,"href":"https:\/\/przedszkolestawiski.pl\/index.php?rest_route=\/wp\/v2\/posts\/3056\/revisions\/3060"}],"wp:featuredmedia":[{"embeddable":true,"href":"https:\/\/przedszkolestawiski.pl\/index.php?rest_route=\/wp\/v2\/media\/3061"}],"wp:attachment":[{"href":"https:\/\/przedszkolestawiski.pl\/index.php?rest_route=%2Fwp%2Fv2%2Fmedia&parent=3056"}],"wp:term":[{"taxonomy":"category","embeddable":true,"href":"https:\/\/przedszkolestawiski.pl\/index.php?rest_route=%2Fwp%2Fv2%2Fcategories&post=3056"},{"taxonomy":"post_tag","embeddable":true,"href":"https:\/\/przedszkolestawiski.pl\/index.php?rest_route=%2Fwp%2Fv2%2Ftags&post=3056"}],"curies":[{"name":"wp","href":"https:\/\/api.w.org\/{rel}","templated":true}]}}