{"id":2911,"date":"2024-06-26T13:56:39","date_gmt":"2024-06-26T11:56:39","guid":{"rendered":"https:\/\/przedszkolestawiski.pl\/?p=2911"},"modified":"2024-06-26T13:56:39","modified_gmt":"2024-06-26T11:56:39","slug":"rozspiewane-przedszkole-2","status":"publish","type":"post","link":"https:\/\/przedszkolestawiski.pl\/?p=2911","title":{"rendered":"&#8222;Roz\u015bpiewane przedszkole&#8221;"},"content":{"rendered":"<p>Dnia 17 czerwca w naszym przedszkolu odby\u0142 si\u0119 konkurs &#8222;Roz\u015bpiewane przedszkole&#8221;, w kt\u00f3rym wzi\u0119\u0142o udzia\u0142 11 utalentowanych uczestnik\u00f3w. By\u0142o to wyj\u0105tkowe wydarzenie, kt\u00f3re zgromadzi\u0142o spo\u0142eczno\u015b\u0107 przedszkoln\u0105 oraz rodzic\u00f3w naszych ma\u0142ych artyst\u00f3w.<\/p>\n<p>Konkurs rozpocz\u0105\u0142 si\u0119 o godzinie 11.00, a wszyscy uczestnicy byli pe\u0142ni energii i entuzjazmu. Ka\u017cde dziecko mia\u0142o okazj\u0119 zaprezentowa\u0107 umiej\u0119tno\u015bci wokalne. Repertuar by\u0142 bardzo r\u00f3\u017cnorodny \u2013 od znanych dzieci\u0119cych utwor\u00f3w, po nieco trudniejsze, zupe\u0142nie nieznane piosenki.<\/p>\n<p>Wyst\u0119py ocenia\u0142o jury, w sk\u0142ad kt\u00f3rego wchodzili: Pan Grzegorz Paczoszka nauczyciel muzyki w Szkole Podstawowej w Stawiskach oraz Pani Halina Ba\u0142dyga wieloletnia nauczycielka naszego przedszkola. Jurorzy zwracali uwag\u0119 na intonacj\u0119, rytm, interpretacj\u0119 utwor\u00f3w oraz og\u00f3lne wra\u017cenie artystyczne.<\/p>\n<p>Wszystkie dzieci zaprezentowa\u0142y si\u0119 tak pi\u0119knie, \u017ce Jury postanowi\u0142o nie wybiera\u0107 zwyci\u0119zc\u00f3w, a wyr\u00f3\u017cni\u0107 wszystkich uczestnik\u00f3w i podarowa\u0107 im jednakowe upominki. Ka\u017cde dziecko otrzyma\u0142o pami\u0105tkowy dyplom oraz drobny prezent, co wywo\u0142a\u0142o wiele rado\u015bci i u\u015bmiech\u00f3w na ich twarzach.<\/p>\n<p>Po zako\u0144czeniu cz\u0119\u015bci konkursowej, wszyscy zebrani mogli wzi\u0105\u0107 udzia\u0142 we wsp\u00f3lnym \u015bpiewaniu piosenek oraz zabawach muzycznych, co przynios\u0142o wiele rado\u015bci i \u015bmiechu. By\u0142 to dzie\u0144 pe\u0142en emocji, kt\u00f3ry na d\u0142ugo pozostanie w pami\u0119ci zar\u00f3wno dzieci, jak i doros\u0142ych.<\/p>\n<p>Dzi\u0119kujemy wszystkim uczestnikom, rodzicom oraz nauczycielom za zaanga\u017cowanie i pomoc w organizacji konkursu. Mamy nadziej\u0119, \u017ce &#8222;Roz\u015bpiewane przedszkole&#8221; zapisane w tradycje naszego przedszkola b\u0119dzie cieszy\u0107 si\u0119 niezmiennym zainteresowaniem i rado\u015bci\u0105 uczestnik\u00f3w przez kolejne lata.<\/p>\n<p><a href=\"https:\/\/photos.app.goo.gl\/1MoLK2KbbgW87hgAA\"><img loading=\"lazy\" decoding=\"async\" class=\"aligncenter wp-image-477 size-full\" src=\"https:\/\/przedszkolestawiski.pl\/wp-content\/uploads\/2019\/01\/fotogaleria_przycisk.jpg\" alt=\"przycisk galeria\" width=\"800\" height=\"53\" srcset=\"https:\/\/przedszkolestawiski.pl\/wp-content\/uploads\/2019\/01\/fotogaleria_przycisk.jpg 800w, https:\/\/przedszkolestawiski.pl\/wp-content\/uploads\/2019\/01\/fotogaleria_przycisk-300x20.jpg 300w, https:\/\/przedszkolestawiski.pl\/wp-content\/uploads\/2019\/01\/fotogaleria_przycisk-768x51.jpg 768w\" sizes=\"auto, (max-width: 800px) 100vw, 800px\" \/><\/a><\/p>\n","protected":false},"excerpt":{"rendered":"<p>Dnia 17 czerwca w naszym przedszkolu odby\u0142 si\u0119 konkurs &#8222;Roz\u015bpiewane przedszkole&#8221;, w kt\u00f3rym wzi\u0119\u0142o udzia\u0142 11 utalentowanych uczestnik\u00f3w. By\u0142o to wyj\u0105tkowe wydarzenie, kt\u00f3re zgromadzi\u0142o spo\u0142eczno\u015b\u0107&hellip;<\/p>\n","protected":false},"author":1,"featured_media":2914,"comment_status":"closed","ping_status":"closed","sticky":false,"template":"","format":"standard","meta":{"ngg_post_thumbnail":0,"footnotes":""},"categories":[5],"tags":[],"class_list":["post-2911","post","type-post","status-publish","format-standard","has-post-thumbnail","hentry","category-home"],"_links":{"self":[{"href":"https:\/\/przedszkolestawiski.pl\/index.php?rest_route=\/wp\/v2\/posts\/2911","targetHints":{"allow":["GET"]}}],"collection":[{"href":"https:\/\/przedszkolestawiski.pl\/index.php?rest_route=\/wp\/v2\/posts"}],"about":[{"href":"https:\/\/przedszkolestawiski.pl\/index.php?rest_route=\/wp\/v2\/types\/post"}],"author":[{"embeddable":true,"href":"https:\/\/przedszkolestawiski.pl\/index.php?rest_route=\/wp\/v2\/users\/1"}],"replies":[{"embeddable":true,"href":"https:\/\/przedszkolestawiski.pl\/index.php?rest_route=%2Fwp%2Fv2%2Fcomments&post=2911"}],"version-history":[{"count":2,"href":"https:\/\/przedszkolestawiski.pl\/index.php?rest_route=\/wp\/v2\/posts\/2911\/revisions"}],"predecessor-version":[{"id":2913,"href":"https:\/\/przedszkolestawiski.pl\/index.php?rest_route=\/wp\/v2\/posts\/2911\/revisions\/2913"}],"wp:featuredmedia":[{"embeddable":true,"href":"https:\/\/przedszkolestawiski.pl\/index.php?rest_route=\/wp\/v2\/media\/2914"}],"wp:attachment":[{"href":"https:\/\/przedszkolestawiski.pl\/index.php?rest_route=%2Fwp%2Fv2%2Fmedia&parent=2911"}],"wp:term":[{"taxonomy":"category","embeddable":true,"href":"https:\/\/przedszkolestawiski.pl\/index.php?rest_route=%2Fwp%2Fv2%2Fcategories&post=2911"},{"taxonomy":"post_tag","embeddable":true,"href":"https:\/\/przedszkolestawiski.pl\/index.php?rest_route=%2Fwp%2Fv2%2Ftags&post=2911"}],"curies":[{"name":"wp","href":"https:\/\/api.w.org\/{rel}","templated":true}]}}