{"id":2869,"date":"2024-04-10T16:38:33","date_gmt":"2024-04-10T14:38:33","guid":{"rendered":"https:\/\/przedszkolestawiski.pl\/?p=2869"},"modified":"2024-04-10T16:39:37","modified_gmt":"2024-04-10T14:39:37","slug":"jas-i-malgosia-przedstawienie-katolickiego-teatru-edukacji-z-krakowa","status":"publish","type":"post","link":"https:\/\/przedszkolestawiski.pl\/?p=2869","title":{"rendered":"&#8222;Ja\u015b i Ma\u0142gosia&#8221; &#8211; przedstawienie Katolickiego Teatru Edukacji z Krakowa"},"content":{"rendered":"<p>05 kwietnia dzieci z Miejskiego Przedszkola w Stawiskach pojecha\u0142y do Kolne\u0144skiego Domu Kultury i Sportu na przedstawienie pt. &#8222;Ja\u015b i Ma\u0142gosia&#8221;.<\/p>\n<p>W nienachalny spos\u00f3b, w formie kolorowej ba\u015bni, aktorzy Katolickiego Teatru Edukacji z Krakowa przeprowadzili ma\u0142ych widz\u00f3w przez meandry przyg\u00f3d dwojga rodze\u0144stwa pozostawionych w lesie przez macoch\u0119. Ze wzgl\u0119du na cudown\u0105 sceneri\u0119 gdzie rozgrywa\u0142a si\u0119 akcja ba\u015bni, ciekawe kostiumy i bohater\u00f3w w wieku, z kt\u00f3rymi mogli identyfikowa\u0107 si\u0119 widzowie, ba\u015b\u0144 ta trafi\u0142a prosto do serc ogl\u0105daj\u0105cych. Jednak nie tylko to by\u0142o walorem tej opowie\u015bci. Nie do przecenienia by\u0142a warstwa edukacyjna, mimo, \u017ce ukryta przez XIX wiecznych autor\u00f3w pod p\u0142aszczykiem ciekawej intrygi.<\/p>\n<p>Obejrzany spektakl by\u0142 doskona\u0142ym wst\u0119pem do rozmowy z dzie\u0107mi. O tym, \u017ce nie mo\u017cna ufa\u0107 obcym, cho\u0107by cz\u0119stowali cukierkami. O tym jak wa\u017cna jest komunikacja w rodzinie i odpowiedzialno\u015b\u0107 za drug\u0105 osob\u0119. O odwadze i walce z przeciwno\u015bciami.<\/p>\n<p>Umo\u017cliwienie dzieciom udzia\u0142u w spektaklu utwierdzi\u0142o nas w przekonaniu, \u017ce organizowanie takich wyjazd\u00f3w jest bardzo wa\u017cne i potrzebne. Edukacja teatralna przynosi oczekiwane efekty, a postawa naszych wychowank\u00f3w zas\u0142uguje na pochwa\u0142\u0119.<\/p>\n<p>Do zobaczenia przy podniesionej kurtynie \u2026.<\/p>\n","protected":false},"excerpt":{"rendered":"<p>05 kwietnia dzieci z Miejskiego Przedszkola w Stawiskach pojecha\u0142y do Kolne\u0144skiego Domu Kultury i Sportu na przedstawienie pt. &#8222;Ja\u015b i Ma\u0142gosia&#8221;.<\/p>\n","protected":false},"author":1,"featured_media":2871,"comment_status":"closed","ping_status":"closed","sticky":false,"template":"","format":"standard","meta":{"ngg_post_thumbnail":0,"footnotes":""},"categories":[5],"tags":[],"class_list":["post-2869","post","type-post","status-publish","format-standard","has-post-thumbnail","hentry","category-home"],"_links":{"self":[{"href":"https:\/\/przedszkolestawiski.pl\/index.php?rest_route=\/wp\/v2\/posts\/2869","targetHints":{"allow":["GET"]}}],"collection":[{"href":"https:\/\/przedszkolestawiski.pl\/index.php?rest_route=\/wp\/v2\/posts"}],"about":[{"href":"https:\/\/przedszkolestawiski.pl\/index.php?rest_route=\/wp\/v2\/types\/post"}],"author":[{"embeddable":true,"href":"https:\/\/przedszkolestawiski.pl\/index.php?rest_route=\/wp\/v2\/users\/1"}],"replies":[{"embeddable":true,"href":"https:\/\/przedszkolestawiski.pl\/index.php?rest_route=%2Fwp%2Fv2%2Fcomments&post=2869"}],"version-history":[{"count":2,"href":"https:\/\/przedszkolestawiski.pl\/index.php?rest_route=\/wp\/v2\/posts\/2869\/revisions"}],"predecessor-version":[{"id":2872,"href":"https:\/\/przedszkolestawiski.pl\/index.php?rest_route=\/wp\/v2\/posts\/2869\/revisions\/2872"}],"wp:featuredmedia":[{"embeddable":true,"href":"https:\/\/przedszkolestawiski.pl\/index.php?rest_route=\/wp\/v2\/media\/2871"}],"wp:attachment":[{"href":"https:\/\/przedszkolestawiski.pl\/index.php?rest_route=%2Fwp%2Fv2%2Fmedia&parent=2869"}],"wp:term":[{"taxonomy":"category","embeddable":true,"href":"https:\/\/przedszkolestawiski.pl\/index.php?rest_route=%2Fwp%2Fv2%2Fcategories&post=2869"},{"taxonomy":"post_tag","embeddable":true,"href":"https:\/\/przedszkolestawiski.pl\/index.php?rest_route=%2Fwp%2Fv2%2Ftags&post=2869"}],"curies":[{"name":"wp","href":"https:\/\/api.w.org\/{rel}","templated":true}]}}