{"id":2771,"date":"2023-12-20T14:45:07","date_gmt":"2023-12-20T13:45:07","guid":{"rendered":"https:\/\/przedszkolestawiski.pl\/?p=2771"},"modified":"2024-01-12T16:04:11","modified_gmt":"2024-01-12T15:04:11","slug":"jaselka-2023-2","status":"publish","type":"post","link":"https:\/\/przedszkolestawiski.pl\/?p=2771","title":{"rendered":"Jase\u0142ka 2023"},"content":{"rendered":"<p>Niew\u0105tpliwie okres Bo\u017cego Narodzenia to czas wyj\u0105tkowy, pe\u0142en rado\u015bci, refleksji, nadziei i serdecznych spotka\u0144 w gronie najbli\u017cszych. W dobrym prze\u017cyciu Bo\u017cego Narodzenia pomaga \u015bwiadome piel\u0119gnowanie tradycyjnych zwyczaj\u00f3w i rytua\u0142\u00f3w \u015bwi\u0105tecznych. Kolejnym krokiem przybli\u017caj\u0105cym nas do najwa\u017cniejszego wydarzenia ko\u0144ca roku w naszym przedszkolu s\u0105 Jase\u0142ka, czyli widowisko o Bo\u017cym Narodzeniu, kt\u00f3rego tre\u015bci\u0105 jest historia narodzenia Pana Jezusa.<\/p>\n<p>Przygotowania do Jase\u0142ek w przedszkolu trwa\u0142y wiele dni, uczyli\u015bmy si\u0119 kol\u0119d i pastora\u0142ek. W tym roku, ze wzgl\u0119du na du\u017c\u0105 absencj\u0119 odby\u0142y si\u0119 tylko dwa przedstawienia jase\u0142kowe, w dniu 14 grudnia w grupie Je\u017cyki, 18 grudnia w Muchomorkach.<\/p>\n<p>\u015awi\u0105teczny nastr\u00f3j podkre\u015bla\u0142y niecodzienne stroje dzieci, bo\u017conarodzeniowa dekoracja sali, przedszkolaki na moment przesta\u0142y by\u0107 zwyk\u0142ymi dzie\u0107mi i zmieni\u0142y si\u0119 w naj\u015bwi\u0119tsz\u0105 rodzin\u0119, anio\u0142y, pastuszk\u00f3w, kr\u00f3l\u00f3w, dzieci z r\u00f3\u017cnych stron \u015bwiata, przenosz\u0105c wszystkich obecnych w czasy sprzed dw\u00f3ch tysi\u0119cy lat. Mali arty\u015bci z du\u017cym przej\u0119ciem i zaanga\u017cowaniem wiernie odtwarzali swoje role, prezentowali umiej\u0119tno\u015bci recytatorskie i wokalne.<\/p>\n<p>Wszystkim przedszkolakom nale\u017c\u0105 si\u0119 ogromne pochwa\u0142y za zaanga\u017cowanie, recytowane wierszyki, kol\u0119dy i pastora\u0142ki, dzi\u0119ki kt\u00f3rym stworzy\u0142y wspania\u0142\u0105, \u015bwi\u0105teczn\u0105 atmosfer\u0119 i podbi\u0142y serca ca\u0142ej widowni.<\/p>\n<p>Takie podnios\u0142e chwile nie tylko utrwalaj\u0105 dzieciom znajomo\u015b\u0107 tradycji i zwyczaj\u00f3w \u015bwi\u0105tecznych, lecz wzmacniaj\u0105 serdeczne relacje mi\u0119dzy nami.<\/p>\n<p style=\"text-align: center;\"><iframe loading=\"lazy\" title=\"YouTube video player\" src=\"https:\/\/www.youtube-nocookie.com\/embed\/UW7c9WkfS9A?si=oZjIwPAhDc-NXT4Z\" width=\"560\" height=\"315\" frameborder=\"0\" allowfullscreen=\"allowfullscreen\"><\/iframe>&nbsp; <iframe loading=\"lazy\" title=\"YouTube video player\" src=\"https:\/\/www.youtube-nocookie.com\/embed\/ZiUxg7hGDFA?si=sdUSbOyQnpLE1m-k\" width=\"560\" height=\"315\" frameborder=\"0\" allowfullscreen=\"allowfullscreen\"><\/iframe><\/p>\n","protected":false},"excerpt":{"rendered":"<p>W tym roku, ze wzgl\u0119du na du\u017c\u0105 absencj\u0119 odby\u0142y si\u0119 tylko dwa przedstawienia jase\u0142kowe, w dniu 14 grudnia w grupie Je\u017cyki, 18 grudnia w Muchomorkach&#8230;<\/p>\n","protected":false},"author":1,"featured_media":2777,"comment_status":"closed","ping_status":"closed","sticky":false,"template":"","format":"standard","meta":{"ngg_post_thumbnail":0,"footnotes":""},"categories":[5],"tags":[],"class_list":["post-2771","post","type-post","status-publish","format-standard","has-post-thumbnail","hentry","category-home"],"_links":{"self":[{"href":"https:\/\/przedszkolestawiski.pl\/index.php?rest_route=\/wp\/v2\/posts\/2771","targetHints":{"allow":["GET"]}}],"collection":[{"href":"https:\/\/przedszkolestawiski.pl\/index.php?rest_route=\/wp\/v2\/posts"}],"about":[{"href":"https:\/\/przedszkolestawiski.pl\/index.php?rest_route=\/wp\/v2\/types\/post"}],"author":[{"embeddable":true,"href":"https:\/\/przedszkolestawiski.pl\/index.php?rest_route=\/wp\/v2\/users\/1"}],"replies":[{"embeddable":true,"href":"https:\/\/przedszkolestawiski.pl\/index.php?rest_route=%2Fwp%2Fv2%2Fcomments&post=2771"}],"version-history":[{"count":5,"href":"https:\/\/przedszkolestawiski.pl\/index.php?rest_route=\/wp\/v2\/posts\/2771\/revisions"}],"predecessor-version":[{"id":2776,"href":"https:\/\/przedszkolestawiski.pl\/index.php?rest_route=\/wp\/v2\/posts\/2771\/revisions\/2776"}],"wp:featuredmedia":[{"embeddable":true,"href":"https:\/\/przedszkolestawiski.pl\/index.php?rest_route=\/wp\/v2\/media\/2777"}],"wp:attachment":[{"href":"https:\/\/przedszkolestawiski.pl\/index.php?rest_route=%2Fwp%2Fv2%2Fmedia&parent=2771"}],"wp:term":[{"taxonomy":"category","embeddable":true,"href":"https:\/\/przedszkolestawiski.pl\/index.php?rest_route=%2Fwp%2Fv2%2Fcategories&post=2771"},{"taxonomy":"post_tag","embeddable":true,"href":"https:\/\/przedszkolestawiski.pl\/index.php?rest_route=%2Fwp%2Fv2%2Ftags&post=2771"}],"curies":[{"name":"wp","href":"https:\/\/api.w.org\/{rel}","templated":true}]}}