{"id":2753,"date":"2023-12-20T15:37:28","date_gmt":"2023-12-20T14:37:28","guid":{"rendered":"https:\/\/przedszkolestawiski.pl\/?p=2753"},"modified":"2024-01-12T15:42:47","modified_gmt":"2024-01-12T14:42:47","slug":"betlejemskie-swiatlo-pokoju","status":"publish","type":"post","link":"https:\/\/przedszkolestawiski.pl\/?p=2753","title":{"rendered":"Betlejemskie \u015bwiat\u0142o pokoju"},"content":{"rendered":"<p>Historia zaczyna si\u0119 w Betlejem, mie\u015bcie, w kt\u00f3rym ponad dwa tysi\u0105ce lat temu narodzi\u0142 si\u0119 Jezus Chrystus. W Grocie Narodzenia Pa\u0144skiego p\u0142onie wieczny ogie\u0144. To w\u0142a\u015bnie od niego, od ponad 30-u lat co roku odpala si\u0119 jedn\u0105 malutk\u0105 \u015bwieczk\u0119, kt\u00f3rej p\u0142omie\u0144 niesiony przez kraje i kontynenty obiega \u015bwiat. To czyni ze \u015awiate\u0142ka znak pokoju, \u015bwiadectwo wzajemnego zrozumienia i symbol pojednania mi\u0119dzy narodami.<\/p>\n<p>R\u00f3wnie\u017c w Polsce takim darem harcerki i harcerze ZHP pragn\u0105 podzieli\u0107 si\u0119 ze wszystkimi. Nios\u0105c lampiony ze \u015awiat\u0142em do parafii, szk\u00f3\u0142, szpitali, urz\u0119d\u00f3w i dom\u00f3w, dziel\u0105 si\u0119 radosn\u0105 nowin\u0105 i krzewi\u0105 najwi\u0119ksze uniwersalne warto\u015bci braterstwa i pokoju.<\/p>\n<p>W dniu 20 grudnia 2023 roku Betlejemskie \u015awiat\u0142o Pokoju niesione przez harcerzy z 64 Wielopoziomowej Dru\u017cyny Harcerskiej &#8222;Wagabunda&#8221; im. Jadwigi Dzieko\u0144skiej ju\u017c po raz kolejny przyw\u0119drowa\u0142o do Miejskiego Przedszkola w Stawiskach.<\/p>\n<p>Zapraszamy do fotorelacji z tego wydarzenia.<\/p>\nngg_shortcode_0_placeholder\n","protected":false},"excerpt":{"rendered":"<p>W dniu 20 grudnia 2023 roku Betlejemskie \u015awiat\u0142o Pokoju niesione przez harcerzy przyw\u0119drowa\u0142o do Miejskiego Przedszkola w Stawiskach&#8230;<\/p>\n","protected":false},"author":1,"featured_media":2769,"comment_status":"closed","ping_status":"closed","sticky":false,"template":"","format":"standard","meta":{"ngg_post_thumbnail":0,"footnotes":""},"categories":[5],"tags":[],"class_list":["post-2753","post","type-post","status-publish","format-standard","has-post-thumbnail","hentry","category-home"],"_links":{"self":[{"href":"https:\/\/przedszkolestawiski.pl\/index.php?rest_route=\/wp\/v2\/posts\/2753","targetHints":{"allow":["GET"]}}],"collection":[{"href":"https:\/\/przedszkolestawiski.pl\/index.php?rest_route=\/wp\/v2\/posts"}],"about":[{"href":"https:\/\/przedszkolestawiski.pl\/index.php?rest_route=\/wp\/v2\/types\/post"}],"author":[{"embeddable":true,"href":"https:\/\/przedszkolestawiski.pl\/index.php?rest_route=\/wp\/v2\/users\/1"}],"replies":[{"embeddable":true,"href":"https:\/\/przedszkolestawiski.pl\/index.php?rest_route=%2Fwp%2Fv2%2Fcomments&post=2753"}],"version-history":[{"count":3,"href":"https:\/\/przedszkolestawiski.pl\/index.php?rest_route=\/wp\/v2\/posts\/2753\/revisions"}],"predecessor-version":[{"id":2770,"href":"https:\/\/przedszkolestawiski.pl\/index.php?rest_route=\/wp\/v2\/posts\/2753\/revisions\/2770"}],"wp:featuredmedia":[{"embeddable":true,"href":"https:\/\/przedszkolestawiski.pl\/index.php?rest_route=\/wp\/v2\/media\/2769"}],"wp:attachment":[{"href":"https:\/\/przedszkolestawiski.pl\/index.php?rest_route=%2Fwp%2Fv2%2Fmedia&parent=2753"}],"wp:term":[{"taxonomy":"category","embeddable":true,"href":"https:\/\/przedszkolestawiski.pl\/index.php?rest_route=%2Fwp%2Fv2%2Fcategories&post=2753"},{"taxonomy":"post_tag","embeddable":true,"href":"https:\/\/przedszkolestawiski.pl\/index.php?rest_route=%2Fwp%2Fv2%2Ftags&post=2753"}],"curies":[{"name":"wp","href":"https:\/\/api.w.org\/{rel}","templated":true}]}}