{"id":2666,"date":"2023-11-30T23:01:21","date_gmt":"2023-11-30T22:01:21","guid":{"rendered":"https:\/\/przedszkolestawiski.pl\/?p=2666"},"modified":"2023-12-17T23:03:37","modified_gmt":"2023-12-17T22:03:37","slug":"swiety-andrzeju-daj-nam-znac-co-sie-bedzie-z-nami-dziac","status":"publish","type":"post","link":"https:\/\/przedszkolestawiski.pl\/?p=2666","title":{"rendered":"&#8222;\u015awi\u0119ty Andrzeju daj nam zna\u0107 co si\u0119 b\u0119dzie z nami dzia\u0107!\u201d"},"content":{"rendered":"<p>Tymi s\u0142owami dzieci z naszego przedszkola rozpocz\u0119\u0142y zabaw\u0119 andrzejkow\u0105. Ka\u017cda z grup w spos\u00f3b wyj\u0105tkowy przygotowa\u0142a si\u0119 do tego magicznego dnia. Tajemnicze dekoracje sal, panie przebrane za wr\u00f3\u017cki i cyganki sprawi\u0142y, \u017ce przedszkolaki przenios\u0142y si\u0119 w krain\u0119 czar\u00f3w i wr\u00f3\u017cb. Poprzez zabaw\u0119 mia\u0142y okazj\u0119 przybli\u017cy\u0107 si\u0119 do tradycji i obrz\u0119d\u00f3w ludowych. Przy \u015bwietle \u015bwiec, gdy magia zacz\u0119\u0142a unosi\u0107 si\u0119 w powietrzu rozpocz\u0119to ekscytuj\u0105cy czas wr\u00f3\u017cb i zabaw.<\/p>\n<p>Przysz\u0142o\u015b\u0107 przepowiadana by\u0142a na wiele sposob\u00f3w: losowanie karteczek z zawodami, przek\u0142uwanie serc z imionami przysz\u0142ych sympatii, &#8222;magiczne liczby&#8221;, &#8222;w\u0119dr\u00f3wka but\u00f3w&#8221; itp. Nie mog\u0142o zabrakn\u0105\u0107 r\u00f3wnie\u017c tradycyjnego lania wosku. Zachwycone dzieci wsp\u00f3lnie z pani\u0105 przelewa\u0142y wosk przez symboliczny klucz, kt\u00f3ry wed\u0142ug tradycji zamyka i otwiera wszelkie tajemnice i sekrety. Ka\u017cdy mia\u0142 szans\u0119 odkry\u0107, co przyniesie mu los, przygl\u0105daj\u0105c si\u0119 cieniom woskowych twor\u00f3w. Znakomit\u0105 zabaw\u0119 umila\u0142 s\u0142odki pocz\u0119stunek przygotowany przez naszych niezawodnych rodzic\u00f3w, kt\u00f3rym z serca dzi\u0119kujemy.<\/p>\n<p>Spotkanie dobieg\u0142o ko\u0144ca, a przedszkolaki wraz z rodzicami wraca\u0142y do swoich dom\u00f3w jeszcze d\u0142ugo rozpami\u0119tuj\u0105c przepowiednie, kt\u00f3re przyni\u00f3s\u0142 im wspania\u0142y andrzejkowy wiecz\u00f3r.<\/p>\n<p style=\"text-align: center;\"><a href=\"https:\/\/photos.app.goo.gl\/FHoJXRkjvVei5jXb6\"><img loading=\"lazy\" decoding=\"async\" class=\"aligncenter wp-image-477 size-full\" src=\"https:\/\/przedszkolestawiski.pl\/wp-content\/uploads\/2019\/01\/fotogaleria_przycisk.jpg\" alt=\"przycisk galeria\" width=\"800\" height=\"53\" srcset=\"https:\/\/przedszkolestawiski.pl\/wp-content\/uploads\/2019\/01\/fotogaleria_przycisk.jpg 800w, https:\/\/przedszkolestawiski.pl\/wp-content\/uploads\/2019\/01\/fotogaleria_przycisk-300x20.jpg 300w, https:\/\/przedszkolestawiski.pl\/wp-content\/uploads\/2019\/01\/fotogaleria_przycisk-768x51.jpg 768w\" sizes=\"auto, (max-width: 800px) 100vw, 800px\" \/><\/a><\/p>\n","protected":false},"excerpt":{"rendered":"<p>Tymi s\u0142owami dzieci z naszego przedszkola rozpocz\u0119\u0142y zabaw\u0119 andrzejkow\u0105. <\/p>\n","protected":false},"author":1,"featured_media":2668,"comment_status":"closed","ping_status":"closed","sticky":false,"template":"","format":"standard","meta":{"ngg_post_thumbnail":0,"footnotes":""},"categories":[5],"tags":[],"class_list":["post-2666","post","type-post","status-publish","format-standard","has-post-thumbnail","hentry","category-home"],"_links":{"self":[{"href":"https:\/\/przedszkolestawiski.pl\/index.php?rest_route=\/wp\/v2\/posts\/2666","targetHints":{"allow":["GET"]}}],"collection":[{"href":"https:\/\/przedszkolestawiski.pl\/index.php?rest_route=\/wp\/v2\/posts"}],"about":[{"href":"https:\/\/przedszkolestawiski.pl\/index.php?rest_route=\/wp\/v2\/types\/post"}],"author":[{"embeddable":true,"href":"https:\/\/przedszkolestawiski.pl\/index.php?rest_route=\/wp\/v2\/users\/1"}],"replies":[{"embeddable":true,"href":"https:\/\/przedszkolestawiski.pl\/index.php?rest_route=%2Fwp%2Fv2%2Fcomments&post=2666"}],"version-history":[{"count":3,"href":"https:\/\/przedszkolestawiski.pl\/index.php?rest_route=\/wp\/v2\/posts\/2666\/revisions"}],"predecessor-version":[{"id":2670,"href":"https:\/\/przedszkolestawiski.pl\/index.php?rest_route=\/wp\/v2\/posts\/2666\/revisions\/2670"}],"wp:featuredmedia":[{"embeddable":true,"href":"https:\/\/przedszkolestawiski.pl\/index.php?rest_route=\/wp\/v2\/media\/2668"}],"wp:attachment":[{"href":"https:\/\/przedszkolestawiski.pl\/index.php?rest_route=%2Fwp%2Fv2%2Fmedia&parent=2666"}],"wp:term":[{"taxonomy":"category","embeddable":true,"href":"https:\/\/przedszkolestawiski.pl\/index.php?rest_route=%2Fwp%2Fv2%2Fcategories&post=2666"},{"taxonomy":"post_tag","embeddable":true,"href":"https:\/\/przedszkolestawiski.pl\/index.php?rest_route=%2Fwp%2Fv2%2Ftags&post=2666"}],"curies":[{"name":"wp","href":"https:\/\/api.w.org\/{rel}","templated":true}]}}