{"id":2488,"date":"2023-06-14T10:33:54","date_gmt":"2023-06-14T08:33:54","guid":{"rendered":"https:\/\/przedszkolestawiski.pl\/?p=2488"},"modified":"2023-06-14T10:33:54","modified_gmt":"2023-06-14T08:33:54","slug":"dzien-dziecka-2023","status":"publish","type":"post","link":"https:\/\/przedszkolestawiski.pl\/?p=2488","title":{"rendered":"Dzie\u0144 Dziecka 2023"},"content":{"rendered":"<p>Nie trzeba nikomu m\u00f3wi\u0107, \u017ce 1 czerwca to najrado\u015bniejsze, najweselsze i najbardziej rozkrzyczane \u015bwi\u0119to ze wszystkich \u015bwi\u0105t. Dzie\u0144 ten nale\u017cy do wszystkich dzieci zar\u00f3wno tych najm\u0142odszych jak i do tych \u201ewyro\u015bni\u0119tych\u201d, bo przecie\u017c ka\u017cdy z nas tak naprawd\u0119 w g\u0142\u0119bi serca jest jeszcze dzieckiem.<\/p>\n<p>W naszym przedszkolu ten dzie\u0144 obchodzili\u015bmy niezwykle hucznie. Od samego rana panowa\u0142a radosna atmosfera. Na przedszkolak\u00f3w czeka\u0142o wiele atrakcji, kt\u00f3re zapewnili nam animatorzy z firmy RALFIK. By\u0142y konkursy, zabawy muzyczno-ruchowe oraz gry zespo\u0142owe. Nie zabrak\u0142o dmuchanego dinozaura i baniek mydlanych.<\/p>\n<p>W salach czeka\u0142 te\u017c s\u0142odki pocz\u0119stunek, przygotowany przez naszych niezawodnych Rodzic\u00f3w, w trakcie kt\u00f3rego dzieci mog\u0142y z\u0142apa\u0107 oddech i nabra\u0107 si\u0142 na kolejne zabawy. Najwi\u0119ksz\u0105 atrakcj\u0105 by\u0142o pojawienie si\u0119 na naszej imprezie Minionka.<\/p>\n<p style=\"text-align: center;\"><iframe loading=\"lazy\" title=\"YouTube video player\" src=\"https:\/\/www.youtube-nocookie.com\/embed\/C7o2xjjRaWE\" width=\"560\" height=\"315\" frameborder=\"0\" allowfullscreen=\"allowfullscreen\"><\/iframe><\/p>\n<p>Przedszkolaki bawi\u0142y si\u0119 \u015bwietnie, z ich twarzy nie schodzi\u0142 u\u015bmiech, a ca\u0142a impreza dostarczy\u0142a wielu emocji i niezapomnianych wra\u017ce\u0144. Na zako\u0144czenie ka\u017cdy otrzyma\u0142 symboliczny upominek. Wszystkim dzieciom jeszcze raz \u017cyczymy wielu rado\u015bci i spe\u0142nienia marze\u0144.<\/p>\n<p><a href=\"https:\/\/photos.app.goo.gl\/voyWRgoQiumRCsVn7\"><img loading=\"lazy\" decoding=\"async\" class=\"size-full wp-image-477 aligncenter\" src=\"https:\/\/przedszkolestawiski.pl\/wp-content\/uploads\/2019\/01\/fotogaleria_przycisk.jpg\" alt=\"przycisk galeria\" width=\"800\" height=\"53\" srcset=\"https:\/\/przedszkolestawiski.pl\/wp-content\/uploads\/2019\/01\/fotogaleria_przycisk.jpg 800w, https:\/\/przedszkolestawiski.pl\/wp-content\/uploads\/2019\/01\/fotogaleria_przycisk-300x20.jpg 300w, https:\/\/przedszkolestawiski.pl\/wp-content\/uploads\/2019\/01\/fotogaleria_przycisk-768x51.jpg 768w\" sizes=\"auto, (max-width: 800px) 100vw, 800px\" \/><\/a><\/p>\n","protected":false},"excerpt":{"rendered":"<p>Nie trzeba nikomu m\u00f3wi\u0107, \u017ce 1 czerwca to najrado\u015bniejsze, najweselsze i najbardziej rozkrzyczane \u015bwi\u0119to ze wszystkich \u015bwi\u0105t. Dzie\u0144 ten nale\u017cy do wszystkich dzieci zar\u00f3wno tych&hellip;<\/p>\n","protected":false},"author":1,"featured_media":2492,"comment_status":"closed","ping_status":"closed","sticky":false,"template":"","format":"standard","meta":{"ngg_post_thumbnail":0,"footnotes":""},"categories":[5],"tags":[],"class_list":["post-2488","post","type-post","status-publish","format-standard","has-post-thumbnail","hentry","category-home"],"_links":{"self":[{"href":"https:\/\/przedszkolestawiski.pl\/index.php?rest_route=\/wp\/v2\/posts\/2488","targetHints":{"allow":["GET"]}}],"collection":[{"href":"https:\/\/przedszkolestawiski.pl\/index.php?rest_route=\/wp\/v2\/posts"}],"about":[{"href":"https:\/\/przedszkolestawiski.pl\/index.php?rest_route=\/wp\/v2\/types\/post"}],"author":[{"embeddable":true,"href":"https:\/\/przedszkolestawiski.pl\/index.php?rest_route=\/wp\/v2\/users\/1"}],"replies":[{"embeddable":true,"href":"https:\/\/przedszkolestawiski.pl\/index.php?rest_route=%2Fwp%2Fv2%2Fcomments&post=2488"}],"version-history":[{"count":4,"href":"https:\/\/przedszkolestawiski.pl\/index.php?rest_route=\/wp\/v2\/posts\/2488\/revisions"}],"predecessor-version":[{"id":2494,"href":"https:\/\/przedszkolestawiski.pl\/index.php?rest_route=\/wp\/v2\/posts\/2488\/revisions\/2494"}],"wp:featuredmedia":[{"embeddable":true,"href":"https:\/\/przedszkolestawiski.pl\/index.php?rest_route=\/wp\/v2\/media\/2492"}],"wp:attachment":[{"href":"https:\/\/przedszkolestawiski.pl\/index.php?rest_route=%2Fwp%2Fv2%2Fmedia&parent=2488"}],"wp:term":[{"taxonomy":"category","embeddable":true,"href":"https:\/\/przedszkolestawiski.pl\/index.php?rest_route=%2Fwp%2Fv2%2Fcategories&post=2488"},{"taxonomy":"post_tag","embeddable":true,"href":"https:\/\/przedszkolestawiski.pl\/index.php?rest_route=%2Fwp%2Fv2%2Ftags&post=2488"}],"curies":[{"name":"wp","href":"https:\/\/api.w.org\/{rel}","templated":true}]}}