{"id":2467,"date":"2023-06-02T22:16:35","date_gmt":"2023-06-02T20:16:35","guid":{"rendered":"https:\/\/przedszkolestawiski.pl\/?p=2467"},"modified":"2023-06-14T09:25:13","modified_gmt":"2023-06-14T07:25:13","slug":"kochanym-rodzicom-czyli-dzien-mamy-i-taty","status":"publish","type":"post","link":"https:\/\/przedszkolestawiski.pl\/?p=2467","title":{"rendered":"&#8222;Kochanym Rodzicom&#8221; czyli Dzie\u0144 Mamy i Taty"},"content":{"rendered":"<p>26, 30 i 31 maja w naszym przedszkolu odby\u0142y si\u0119 uroczysto\u015bci z okazji pi\u0119knego \u015bwi\u0119ta, jakim jest Dzie\u0144 Matki i Dzie\u0144 Ojca. Dzieci z du\u017cym zaanga\u017cowaniem przyst\u0105pi\u0142y do prezentowania swoich mo\u017cliwo\u015bci wokalnych, recytatorskich i ruchowych. W pi\u0119knych strojach prezentowa\u0142y bogaty program artystyczny &#8211; wiersze, piosenki, ta\u0144ce i \u017cyczenia dla Mamy i Taty.<\/p>\n<p>Po wspania\u0142ych wyst\u0119pach na twarzach Rodzic\u00f3w zauwa\u017cy\u0107 mo\u017cna by\u0142o tylko jedno \u2013 wzruszenie i dum\u0119 ze swoich pociech. Podczas wr\u0119czania w\u0142asnor\u0119cznie wykonanych upomink\u00f3w ca\u0142usom i u\u015bciskom nie by\u0142o ko\u0144ca.<\/p>\n<p><a href=\"https:\/\/photos.app.goo.gl\/x9qByEvUvMKqiMKG9\"><img loading=\"lazy\" decoding=\"async\" class=\"aligncenter wp-image-477 size-full\" src=\"https:\/\/przedszkolestawiski.pl\/wp-content\/uploads\/2019\/01\/fotogaleria_przycisk.jpg\" alt=\"przycisk galeria\" width=\"800\" height=\"53\" srcset=\"https:\/\/przedszkolestawiski.pl\/wp-content\/uploads\/2019\/01\/fotogaleria_przycisk.jpg 800w, https:\/\/przedszkolestawiski.pl\/wp-content\/uploads\/2019\/01\/fotogaleria_przycisk-300x20.jpg 300w, https:\/\/przedszkolestawiski.pl\/wp-content\/uploads\/2019\/01\/fotogaleria_przycisk-768x51.jpg 768w\" sizes=\"auto, (max-width: 800px) 100vw, 800px\" \/><\/a><\/p>\n<p style=\"text-align: center;\"><iframe loading=\"lazy\" title=\"YouTube video player\" src=\"https:\/\/www.youtube-nocookie.com\/embed\/Ujg8sLYndz8\" width=\"560\" height=\"315\" frameborder=\"0\" allowfullscreen=\"allowfullscreen\"><\/iframe>&nbsp; <iframe loading=\"lazy\" title=\"YouTube video player\" src=\"https:\/\/www.youtube-nocookie.com\/embed\/y_slli6mE7w\" width=\"560\" height=\"315\" frameborder=\"0\" allowfullscreen=\"allowfullscreen\"><\/iframe><\/p>\n<p style=\"text-align: center;\"><iframe loading=\"lazy\" title=\"YouTube video player\" src=\"https:\/\/www.youtube-nocookie.com\/embed\/4AxnbI5p2s4\" width=\"560\" height=\"315\" frameborder=\"0\" allowfullscreen=\"allowfullscreen\"><\/iframe>&nbsp; <iframe loading=\"lazy\" title=\"YouTube video player\" src=\"https:\/\/www.youtube-nocookie.com\/embed\/jXYKm9cvUXU\" width=\"560\" height=\"315\" frameborder=\"0\" allowfullscreen=\"allowfullscreen\"><\/iframe><\/p>\n<p style=\"text-align: center;\"><iframe loading=\"lazy\" title=\"YouTube video player\" src=\"https:\/\/www.youtube-nocookie.com\/embed\/5W9XJLQk5DE\" width=\"560\" height=\"315\" frameborder=\"0\" allowfullscreen=\"allowfullscreen\"><\/iframe><\/p>\n","protected":false},"excerpt":{"rendered":"<p>26, 30 i 31 maja w naszym przedszkolu odby\u0142y si\u0119 uroczysto\u015bci z okazji pi\u0119knego \u015bwi\u0119ta, jakim jest Dzie\u0144 Matki i Dzie\u0144 Ojca.<\/p>\n","protected":false},"author":1,"featured_media":2484,"comment_status":"closed","ping_status":"closed","sticky":false,"template":"","format":"standard","meta":{"ngg_post_thumbnail":0,"footnotes":""},"categories":[5],"tags":[],"class_list":["post-2467","post","type-post","status-publish","format-standard","has-post-thumbnail","hentry","category-home"],"_links":{"self":[{"href":"https:\/\/przedszkolestawiski.pl\/index.php?rest_route=\/wp\/v2\/posts\/2467","targetHints":{"allow":["GET"]}}],"collection":[{"href":"https:\/\/przedszkolestawiski.pl\/index.php?rest_route=\/wp\/v2\/posts"}],"about":[{"href":"https:\/\/przedszkolestawiski.pl\/index.php?rest_route=\/wp\/v2\/types\/post"}],"author":[{"embeddable":true,"href":"https:\/\/przedszkolestawiski.pl\/index.php?rest_route=\/wp\/v2\/users\/1"}],"replies":[{"embeddable":true,"href":"https:\/\/przedszkolestawiski.pl\/index.php?rest_route=%2Fwp%2Fv2%2Fcomments&post=2467"}],"version-history":[{"count":9,"href":"https:\/\/przedszkolestawiski.pl\/index.php?rest_route=\/wp\/v2\/posts\/2467\/revisions"}],"predecessor-version":[{"id":2491,"href":"https:\/\/przedszkolestawiski.pl\/index.php?rest_route=\/wp\/v2\/posts\/2467\/revisions\/2491"}],"wp:featuredmedia":[{"embeddable":true,"href":"https:\/\/przedszkolestawiski.pl\/index.php?rest_route=\/wp\/v2\/media\/2484"}],"wp:attachment":[{"href":"https:\/\/przedszkolestawiski.pl\/index.php?rest_route=%2Fwp%2Fv2%2Fmedia&parent=2467"}],"wp:term":[{"taxonomy":"category","embeddable":true,"href":"https:\/\/przedszkolestawiski.pl\/index.php?rest_route=%2Fwp%2Fv2%2Fcategories&post=2467"},{"taxonomy":"post_tag","embeddable":true,"href":"https:\/\/przedszkolestawiski.pl\/index.php?rest_route=%2Fwp%2Fv2%2Ftags&post=2467"}],"curies":[{"name":"wp","href":"https:\/\/api.w.org\/{rel}","templated":true}]}}