{"id":2456,"date":"2023-05-25T08:59:00","date_gmt":"2023-05-25T06:59:00","guid":{"rendered":"https:\/\/przedszkolestawiski.pl\/?p=2456"},"modified":"2023-05-25T09:05:59","modified_gmt":"2023-05-25T07:05:59","slug":"spotkanie-z-panem-poeta","status":"publish","type":"post","link":"https:\/\/przedszkolestawiski.pl\/?p=2456","title":{"rendered":"SPOTKANIE Z PANEM POET\u0104"},"content":{"rendered":"<p>W poniedzia\u0142ek 22 maja 2023 r. przedszkolaki z grup Je\u017cyki i Muchomorki uczestniczy\u0142y w zorganizowanym przez Bibliotek\u0119 Publiczn\u0105 spotkaniu autorskim z &#8222;Panem Poet\u0105&#8221;. Pan Micha\u0142 to autor zabawnych, a jednocze\u015bnie edukacyjnych ksi\u0105\u017cek dla dzieci, kt\u00f3re ucz\u0105 mora\u0142em i bawi\u0105 tre\u015bci\u0105.&nbsp; W tym miejscu nale\u017cy nadmieni\u0107, \u017ce w 2021 roku zosta\u0142y one wyr\u00f3\u017cnione na Z\u0142otej Li\u015bcie Fundacji ABC XXI &#8222;Ca\u0142a Polska Czyta Dzieciom&#8221;.<\/p>\n<p>Dzieci by\u0142y zachwycone spotkaniem, kt\u00f3re okaza\u0142o si\u0119 &nbsp;prawdziwym poetyckim show. Pan Poeta w bardzo niekonwencjonalny spos\u00f3b zaprezentowa\u0142 sw\u00f3j pisarski dorobek, na kt\u00f3ry sk\u0142adaj\u0105 si\u0119 ksi\u0105\u017cki: &#8222;Kura co ty\u0142a na diecie&#8221;, &#8222;Wr\u00f3bel co o\u0107wierka\u0142 s\u0105siad\u00f3w&#8221;, &#8222;Kruk co kracze pokrakanie&#8221;, &#8222;Kaczka co przebra\u0142a miark\u0119&#8221;, &#8222;Paw co ogon mia\u0142 z przyja\u017ani&#8221;, &#8222;Sowa co ba\u0142agan ma w porz\u0105dku&#8221;.<\/p>\n<p>W prowadzeniu spotkania pomaga\u0142y poecie ogromne pacynki przedstawiaj\u0105ce postaci z Jego wierszy. By\u0142y wsp\u00f3lne zabawy, karmienie kury, faluj\u0105ce morze z mn\u00f3stwem kolorowych balon\u00f3w. Wiele rado\u015bci sprawi\u0142o dzieciom przymierzanie element\u00f3w stroj\u00f3w Kaczki, tytu\u0142owej bohaterki jednego z wierszy oraz lataj\u0105ce komety, kt\u00f3re na pami\u0105tk\u0119 spotkania mo\u017cna by\u0142o wzi\u0105\u0107 do domu.<\/p>\n<p>Dzieci bardzo serdecznie podzi\u0119kowa\u0142y prowadz\u0105cemu za wspania\u0142e spotkanie i zabaw\u0119. Mamy nadziej\u0119 , \u017ce ka\u017cda z przedstawionych historii przepe\u0142niona humorem i zawieraj\u0105ca przes\u0142anie na d\u0142ugo pozostanie w pami\u0119ci przedszkolak\u00f3w.<\/p>\n<p style=\"text-align: center;\"><a href=\"https:\/\/photos.google.com\/share\/AF1QipP3i79w_w2vZqq79sFPL0cfQ2iAFmevuNvaZIHsvVOEZ64P42m7lQ2Fq7oEntic6A?key=ZTkya09oUTY4SzFSUE41SnZsT2l3OXh4SVA2NU5R\"><img loading=\"lazy\" decoding=\"async\" class=\"aligncenter wp-image-477 size-full\" src=\"https:\/\/przedszkolestawiski.pl\/wp-content\/uploads\/2019\/01\/fotogaleria_przycisk.jpg\" alt=\"przycisk galeria\" width=\"800\" height=\"53\" srcset=\"https:\/\/przedszkolestawiski.pl\/wp-content\/uploads\/2019\/01\/fotogaleria_przycisk.jpg 800w, https:\/\/przedszkolestawiski.pl\/wp-content\/uploads\/2019\/01\/fotogaleria_przycisk-300x20.jpg 300w, https:\/\/przedszkolestawiski.pl\/wp-content\/uploads\/2019\/01\/fotogaleria_przycisk-768x51.jpg 768w\" sizes=\"auto, (max-width: 800px) 100vw, 800px\" \/><\/a><\/p>\n","protected":false},"excerpt":{"rendered":"<p>W poniedzia\u0142ek 22 maja 2023 r. przedszkolaki z grup Je\u017cyki i Muchomorki uczestniczy\u0142y w zorganizowanym przez Bibliotek\u0119 Publiczn\u0105 spotkaniu autorskim z &#8222;Panem Poet\u0105&#8221;&#8230;<\/p>\n","protected":false},"author":1,"featured_media":2459,"comment_status":"closed","ping_status":"closed","sticky":false,"template":"","format":"standard","meta":{"ngg_post_thumbnail":0,"footnotes":""},"categories":[5],"tags":[],"class_list":["post-2456","post","type-post","status-publish","format-standard","has-post-thumbnail","hentry","category-home"],"_links":{"self":[{"href":"https:\/\/przedszkolestawiski.pl\/index.php?rest_route=\/wp\/v2\/posts\/2456","targetHints":{"allow":["GET"]}}],"collection":[{"href":"https:\/\/przedszkolestawiski.pl\/index.php?rest_route=\/wp\/v2\/posts"}],"about":[{"href":"https:\/\/przedszkolestawiski.pl\/index.php?rest_route=\/wp\/v2\/types\/post"}],"author":[{"embeddable":true,"href":"https:\/\/przedszkolestawiski.pl\/index.php?rest_route=\/wp\/v2\/users\/1"}],"replies":[{"embeddable":true,"href":"https:\/\/przedszkolestawiski.pl\/index.php?rest_route=%2Fwp%2Fv2%2Fcomments&post=2456"}],"version-history":[{"count":4,"href":"https:\/\/przedszkolestawiski.pl\/index.php?rest_route=\/wp\/v2\/posts\/2456\/revisions"}],"predecessor-version":[{"id":2461,"href":"https:\/\/przedszkolestawiski.pl\/index.php?rest_route=\/wp\/v2\/posts\/2456\/revisions\/2461"}],"wp:featuredmedia":[{"embeddable":true,"href":"https:\/\/przedszkolestawiski.pl\/index.php?rest_route=\/wp\/v2\/media\/2459"}],"wp:attachment":[{"href":"https:\/\/przedszkolestawiski.pl\/index.php?rest_route=%2Fwp%2Fv2%2Fmedia&parent=2456"}],"wp:term":[{"taxonomy":"category","embeddable":true,"href":"https:\/\/przedszkolestawiski.pl\/index.php?rest_route=%2Fwp%2Fv2%2Fcategories&post=2456"},{"taxonomy":"post_tag","embeddable":true,"href":"https:\/\/przedszkolestawiski.pl\/index.php?rest_route=%2Fwp%2Fv2%2Ftags&post=2456"}],"curies":[{"name":"wp","href":"https:\/\/api.w.org\/{rel}","templated":true}]}}