{"id":2447,"date":"2023-05-22T14:08:43","date_gmt":"2023-05-22T12:08:43","guid":{"rendered":"https:\/\/przedszkolestawiski.pl\/?p=2447"},"modified":"2023-05-22T14:09:29","modified_gmt":"2023-05-22T12:09:29","slug":"piknik-rodzinny-z-okazji-dnia-dziecka-z-lgd","status":"publish","type":"post","link":"https:\/\/przedszkolestawiski.pl\/?p=2447","title":{"rendered":"Piknik Rodzinny z okazji Dnia Dziecka z LGD"},"content":{"rendered":"<p style=\"text-align: center;\">Burmistrz Stawisk Agnieszka Rutkowska<br \/>\nStowarzyszenie Lokalna Grupa Dzia\u0142ania ,,Kraina Mlekiem P\u0142yn\u0105ca&#8221;<br \/>\nGminny O\u015brodek Kultury i Sportu w Stawiskach<br \/>\noraz OSP w Stawiskach<br \/>\nzapraszaj\u0105 wszystkie dzieci ma\u0142e i du\u017ce<br \/>\nna<br \/>\n<strong>PIKNIK Z LGD<\/strong><\/p>\n<p style=\"text-align: center;\"><span style=\"color: #993366;\"><strong>Dobry humor i ch\u0119\u0107 do zabawy obowi\u0105zkowe, a my zapewnimy:<br \/>\n<\/strong><\/span>Atrakcje dla najm\u0142odszych:<br \/>\nZje\u017cd\u017calnie, malowanie twarzy i inne, gry, zabawy i konkursy,<br \/>\nkonkurs wiedzy o LGD z nagrodami,<br \/>\npunkt konsultacyjny LGD, bigos\/kie\u0142baski, stoiska handlowe,<br \/>\nzabawki, lody itp. itd. pokazy sprz\u0119tu stra\u017cackiego<br \/>\nzabawa przy muzyce zespo\u0142u Galileo Ritmo i Forever Music<\/p>\n<p style=\"text-align: center;\">Do zobaczenia 4 czerwca 2023 r. (niedziela)<br \/>\nplac przy OSP w Stawiskach, w godz. 15:00 &#8211; 21:30<\/p>\n<p style=\"text-align: center;\"><img loading=\"lazy\" decoding=\"async\" class=\"aligncenter wp-image-2452 size-full\" src=\"https:\/\/przedszkolestawiski.pl\/wp-content\/uploads\/2023\/05\/piknik_lgd_logotypy.webp\" alt=\"logotypy\" width=\"1200\" height=\"163\" srcset=\"https:\/\/przedszkolestawiski.pl\/wp-content\/uploads\/2023\/05\/piknik_lgd_logotypy.webp 1200w, https:\/\/przedszkolestawiski.pl\/wp-content\/uploads\/2023\/05\/piknik_lgd_logotypy-800x109.webp 800w, https:\/\/przedszkolestawiski.pl\/wp-content\/uploads\/2023\/05\/piknik_lgd_logotypy-1024x139.webp 1024w, https:\/\/przedszkolestawiski.pl\/wp-content\/uploads\/2023\/05\/piknik_lgd_logotypy-768x104.webp 768w\" sizes=\"auto, (max-width: 1200px) 100vw, 1200px\" \/><\/p>\n","protected":false},"excerpt":{"rendered":"<p>Zapraszamy 4 czerwca!<\/p>\n","protected":false},"author":1,"featured_media":2449,"comment_status":"closed","ping_status":"closed","sticky":false,"template":"","format":"standard","meta":{"ngg_post_thumbnail":0,"footnotes":""},"categories":[5],"tags":[],"class_list":["post-2447","post","type-post","status-publish","format-standard","has-post-thumbnail","hentry","category-home"],"_links":{"self":[{"href":"https:\/\/przedszkolestawiski.pl\/index.php?rest_route=\/wp\/v2\/posts\/2447","targetHints":{"allow":["GET"]}}],"collection":[{"href":"https:\/\/przedszkolestawiski.pl\/index.php?rest_route=\/wp\/v2\/posts"}],"about":[{"href":"https:\/\/przedszkolestawiski.pl\/index.php?rest_route=\/wp\/v2\/types\/post"}],"author":[{"embeddable":true,"href":"https:\/\/przedszkolestawiski.pl\/index.php?rest_route=\/wp\/v2\/users\/1"}],"replies":[{"embeddable":true,"href":"https:\/\/przedszkolestawiski.pl\/index.php?rest_route=%2Fwp%2Fv2%2Fcomments&post=2447"}],"version-history":[{"count":5,"href":"https:\/\/przedszkolestawiski.pl\/index.php?rest_route=\/wp\/v2\/posts\/2447\/revisions"}],"predecessor-version":[{"id":2455,"href":"https:\/\/przedszkolestawiski.pl\/index.php?rest_route=\/wp\/v2\/posts\/2447\/revisions\/2455"}],"wp:featuredmedia":[{"embeddable":true,"href":"https:\/\/przedszkolestawiski.pl\/index.php?rest_route=\/wp\/v2\/media\/2449"}],"wp:attachment":[{"href":"https:\/\/przedszkolestawiski.pl\/index.php?rest_route=%2Fwp%2Fv2%2Fmedia&parent=2447"}],"wp:term":[{"taxonomy":"category","embeddable":true,"href":"https:\/\/przedszkolestawiski.pl\/index.php?rest_route=%2Fwp%2Fv2%2Fcategories&post=2447"},{"taxonomy":"post_tag","embeddable":true,"href":"https:\/\/przedszkolestawiski.pl\/index.php?rest_route=%2Fwp%2Fv2%2Ftags&post=2447"}],"curies":[{"name":"wp","href":"https:\/\/api.w.org\/{rel}","templated":true}]}}