{"id":2272,"date":"2023-01-17T01:08:50","date_gmt":"2023-01-17T00:08:50","guid":{"rendered":"https:\/\/przedszkolestawiski.pl\/?p=2272"},"modified":"2023-01-19T20:25:05","modified_gmt":"2023-01-19T19:25:05","slug":"jaselka-2023","status":"publish","type":"post","link":"https:\/\/przedszkolestawiski.pl\/?p=2272","title":{"rendered":"Jase\u0142ka 2023"},"content":{"rendered":"<p>Niew\u0105tpliwie okres Bo\u017cego Narodzenia to czas wyj\u0105tkowy, pe\u0142en rado\u015bci, refleksji, nadziei i serdecznych spotka\u0144 w gronie najbli\u017cszych. W dobrym prze\u017cyciu Bo\u017cego Narodzenia pomaga \u015bwiadome piel\u0119gnowanie tradycyjnych zwyczaj\u00f3w i rytua\u0142\u00f3w \u015bwi\u0105tecznych. Jednym z nich s\u0105 jase\u0142ka, kt\u00f3rych tre\u015bci\u0105 jest historia narodzenia Pana Jezusa. Przygotowania do jase\u0142ek w naszej grupie trwa\u0142y wiele dni, uczyli\u015bmy si\u0119 wierszy, kol\u0119d, pastora\u0142ek i ta\u0144c\u00f3w. Niestety z powodu licznych zachorowa\u0144 nie uda\u0142o nam si\u0119 wyst\u0105pi\u0107 przed rodzicami w okresie przed\u015bwi\u0105tecznym. Wraz z nastaniem nowego roku, kiedy to zdrowi wr\u00f3cili\u015bmy do przedszkola zaprosili\u015bmy Rodzic\u00f3w i Dziadk\u00f3w na nasz wyst\u0119p. W rol\u0119 aktor\u00f3w pod okiem swoich pa\u0144 wcieli\u0142y si\u0119 dzieci z grupy Je\u017cyki i Biedronki.<\/p>\n<p>\u015awi\u0105teczny nastr\u00f3j podkre\u015bla\u0142y niecodzienne stroje dzieci, bo\u017conarodzeniowa dekoracja sali. Przedszkolaki na moment przesta\u0142y by\u0107 zwyk\u0142ymi dzie\u0107mi i zmieni\u0142y si\u0119 w naj\u015bwi\u0119tsz\u0105 rodzin\u0119, anio\u0142k\u00f3w, kr\u00f3l\u00f3w i pastuszk\u00f3w przenosz\u0105c wszystkich obecnych w czasy sprzed dw\u00f3ch tysi\u0119cy lat. Mali arty\u015bci z du\u017cym przej\u0119ciem i zaanga\u017cowaniem wiernie odtwarzali swoje role, prezentowali umiej\u0119tno\u015bci recytatorskie, wokalne i taneczne. Wszystkim przedszkolakom nale\u017c\u0105 si\u0119 ogromne brawa za to, \u017ce&nbsp; podbi\u0142y serca ca\u0142ej widowni. Na koniec dzieci wr\u0119czy\u0142y swoim Dziadkom w\u0142asnor\u0119cznie przygotowane upominki z okazji zbli\u017caj\u0105cego si\u0119 Dnia Babci i Dziadka. Takie podnios\u0142e chwile nie tylko utrwalaj\u0105 dzieciom znajomo\u015b\u0107 tradycji i zwyczaj\u00f3w \u015bwi\u0105tecznych, lecz wzmacniaj\u0105 serdeczne relacje mi\u0119dzy nami.<\/p>\n<p style=\"text-align: center;\"><a href=\"https:\/\/photos.app.goo.gl\/bsXaAnMhzcvqgdQV8\"><strong>ZDJ\u0118CIA &#8211; GRUPA JE\u017bYKI<\/strong><\/a><br \/>\n<a href=\"https:\/\/photos.app.goo.gl\/t1p5q8PPjkEMWha46\"><strong>ZDJ\u0118CIA &#8211; GRUPA BIEDRONKI<\/strong><\/a><\/p>\n<p style=\"text-align: center;\"><iframe loading=\"lazy\" title=\"YouTube video player\" src=\"https:\/\/www.youtube-nocookie.com\/embed\/PhB79LZiTFM\" width=\"560\" height=\"315\" frameborder=\"0\" allowfullscreen=\"allowfullscreen\"><\/iframe>&nbsp;&nbsp;<iframe loading=\"lazy\" title=\"YouTube video player\" src=\"https:\/\/www.youtube-nocookie.com\/embed\/zji_jdgoEqs\" width=\"560\" height=\"315\" frameborder=\"0\" allowfullscreen=\"allowfullscreen\"><\/iframe><\/p>\n","protected":false},"excerpt":{"rendered":"<p>Niew\u0105tpliwie okres Bo\u017cego Narodzenia to czas wyj\u0105tkowy, pe\u0142en rado\u015bci, refleksji, nadziei i serdecznych spotka\u0144 w gronie najbli\u017cszych. W dobrym prze\u017cyciu Bo\u017cego Narodzenia pomaga \u015bwiadome piel\u0119gnowanie&hellip;<\/p>\n","protected":false},"author":1,"featured_media":2274,"comment_status":"closed","ping_status":"closed","sticky":false,"template":"","format":"standard","meta":{"ngg_post_thumbnail":0,"footnotes":""},"categories":[5],"tags":[],"class_list":["post-2272","post","type-post","status-publish","format-standard","has-post-thumbnail","hentry","category-home"],"_links":{"self":[{"href":"https:\/\/przedszkolestawiski.pl\/index.php?rest_route=\/wp\/v2\/posts\/2272","targetHints":{"allow":["GET"]}}],"collection":[{"href":"https:\/\/przedszkolestawiski.pl\/index.php?rest_route=\/wp\/v2\/posts"}],"about":[{"href":"https:\/\/przedszkolestawiski.pl\/index.php?rest_route=\/wp\/v2\/types\/post"}],"author":[{"embeddable":true,"href":"https:\/\/przedszkolestawiski.pl\/index.php?rest_route=\/wp\/v2\/users\/1"}],"replies":[{"embeddable":true,"href":"https:\/\/przedszkolestawiski.pl\/index.php?rest_route=%2Fwp%2Fv2%2Fcomments&post=2272"}],"version-history":[{"count":14,"href":"https:\/\/przedszkolestawiski.pl\/index.php?rest_route=\/wp\/v2\/posts\/2272\/revisions"}],"predecessor-version":[{"id":2312,"href":"https:\/\/przedszkolestawiski.pl\/index.php?rest_route=\/wp\/v2\/posts\/2272\/revisions\/2312"}],"wp:featuredmedia":[{"embeddable":true,"href":"https:\/\/przedszkolestawiski.pl\/index.php?rest_route=\/wp\/v2\/media\/2274"}],"wp:attachment":[{"href":"https:\/\/przedszkolestawiski.pl\/index.php?rest_route=%2Fwp%2Fv2%2Fmedia&parent=2272"}],"wp:term":[{"taxonomy":"category","embeddable":true,"href":"https:\/\/przedszkolestawiski.pl\/index.php?rest_route=%2Fwp%2Fv2%2Fcategories&post=2272"},{"taxonomy":"post_tag","embeddable":true,"href":"https:\/\/przedszkolestawiski.pl\/index.php?rest_route=%2Fwp%2Fv2%2Ftags&post=2272"}],"curies":[{"name":"wp","href":"https:\/\/api.w.org\/{rel}","templated":true}]}}