{"id":2179,"date":"2022-10-28T14:10:43","date_gmt":"2022-10-28T12:10:43","guid":{"rendered":"https:\/\/przedszkolestawiski.pl\/?p=2179"},"modified":"2022-10-28T14:10:43","modified_gmt":"2022-10-28T12:10:43","slug":"listopadowe-swieta","status":"publish","type":"post","link":"https:\/\/przedszkolestawiski.pl\/?p=2179","title":{"rendered":"Listopadowe \u015bwi\u0119ta"},"content":{"rendered":"<p>Pocz\u0105tek listopada kojarzy si\u0119 nam ze \u015bwi\u0119tem Wszystkich \u015awi\u0119tych, z Dniem Zadusznym. W tych dniach udajemy si\u0119 na cmentarze, by uczci\u0107 pami\u0119\u0107 bliskich, znajomych, bezimiennych bohater\u00f3w, \u017co\u0142nierzy oraz ludzi zapomnianych. To czas zadumy i refleksji nad \u017cyciem, nad \u015bmierci\u0105 i przemijaniem. To czas modlitwy za dusze zmar\u0142ych z naszych rodzin, a tak\u017ce tych, za kt\u00f3rych nikt si\u0119 ju\u017c nie modli. Pami\u0119\u0107 o zmar\u0142ych jest bardzo wa\u017cna, gdy\u017c zgodnie z panuj\u0105cym powszechne przekonaniem, warto\u015b\u0107 narodu mierzy si\u0119 jego stosunkiem do przodk\u00f3w.<\/p>\n<p>W naszym przedszkolu listopadowa zaduma udzieli\u0142a si\u0119 wszystkim, doros\u0142ym i wychowankom. 27 pa\u017adziernika dzieci z grup Biedronek, Je\u017cyk\u00f3w i Muchomork\u00f3w, zaopatrzone w grabie, worki na \u015bmieci uda\u0142y si\u0119 na pobliski cmentarz. Tradycyjnie uporz\u0105dkowali\u015bmy tam gr\u00f3b ,,NN \u017bo\u0142nierza Powsta\u0144ca\u2019\u2019, (zgrabili\u015bmy li\u015bcie, wyrwali\u015bmy chwasty, przynie\u015bli\u015bmy czarnoziem, \u017ceby nada\u0107 mogile estetycznego kszta\u0142tu). Tak przygotowany gr\u00f3b ozdobili\u015bmy zielonymi ga\u0142\u0105zkami. Ca\u0142o\u015bci dope\u0142ni\u0142a pi\u0119kna wi\u0105zanka przygotowana przez przedszkolaki, z\u0142o\u017cona na grobie i zapalone znicze. Na koniec w skupieniu odm\u00f3wili\u015bmy kr\u00f3tk\u0105 modlitw\u0119. W drodze powrotnej odwiedzili\u015bmy groby zmar\u0142ych pracownik\u00f3w przedszkola. Niech odpoczywaj\u0105 w spokoju.<\/p>\n<p><a href=\"https:\/\/photos.app.goo.gl\/dQEJnmY8C5Jb2oBe7\"><img loading=\"lazy\" decoding=\"async\" class=\"aligncenter wp-image-477 size-full\" src=\"https:\/\/przedszkolestawiski.pl\/wp-content\/uploads\/2019\/01\/fotogaleria_przycisk.jpg\" alt=\"przycisk galeria\" width=\"800\" height=\"53\" srcset=\"https:\/\/przedszkolestawiski.pl\/wp-content\/uploads\/2019\/01\/fotogaleria_przycisk.jpg 800w, https:\/\/przedszkolestawiski.pl\/wp-content\/uploads\/2019\/01\/fotogaleria_przycisk-300x20.jpg 300w, https:\/\/przedszkolestawiski.pl\/wp-content\/uploads\/2019\/01\/fotogaleria_przycisk-768x51.jpg 768w\" sizes=\"auto, (max-width: 800px) 100vw, 800px\" \/><\/a><\/p>\n","protected":false},"excerpt":{"rendered":"<p>Pocz\u0105tek listopada kojarzy si\u0119 nam ze \u015bwi\u0119tem Wszystkich \u015awi\u0119tych, z Dniem Zadusznym. W tych dniach udajemy si\u0119 na cmentarze, by uczci\u0107 pami\u0119\u0107 bliskich, znajomych, bezimiennych&hellip;<\/p>\n","protected":false},"author":1,"featured_media":2181,"comment_status":"closed","ping_status":"closed","sticky":false,"template":"","format":"standard","meta":{"ngg_post_thumbnail":0,"footnotes":""},"categories":[5],"tags":[],"class_list":["post-2179","post","type-post","status-publish","format-standard","has-post-thumbnail","hentry","category-home"],"_links":{"self":[{"href":"https:\/\/przedszkolestawiski.pl\/index.php?rest_route=\/wp\/v2\/posts\/2179","targetHints":{"allow":["GET"]}}],"collection":[{"href":"https:\/\/przedszkolestawiski.pl\/index.php?rest_route=\/wp\/v2\/posts"}],"about":[{"href":"https:\/\/przedszkolestawiski.pl\/index.php?rest_route=\/wp\/v2\/types\/post"}],"author":[{"embeddable":true,"href":"https:\/\/przedszkolestawiski.pl\/index.php?rest_route=\/wp\/v2\/users\/1"}],"replies":[{"embeddable":true,"href":"https:\/\/przedszkolestawiski.pl\/index.php?rest_route=%2Fwp%2Fv2%2Fcomments&post=2179"}],"version-history":[{"count":3,"href":"https:\/\/przedszkolestawiski.pl\/index.php?rest_route=\/wp\/v2\/posts\/2179\/revisions"}],"predecessor-version":[{"id":2183,"href":"https:\/\/przedszkolestawiski.pl\/index.php?rest_route=\/wp\/v2\/posts\/2179\/revisions\/2183"}],"wp:featuredmedia":[{"embeddable":true,"href":"https:\/\/przedszkolestawiski.pl\/index.php?rest_route=\/wp\/v2\/media\/2181"}],"wp:attachment":[{"href":"https:\/\/przedszkolestawiski.pl\/index.php?rest_route=%2Fwp%2Fv2%2Fmedia&parent=2179"}],"wp:term":[{"taxonomy":"category","embeddable":true,"href":"https:\/\/przedszkolestawiski.pl\/index.php?rest_route=%2Fwp%2Fv2%2Fcategories&post=2179"},{"taxonomy":"post_tag","embeddable":true,"href":"https:\/\/przedszkolestawiski.pl\/index.php?rest_route=%2Fwp%2Fv2%2Ftags&post=2179"}],"curies":[{"name":"wp","href":"https:\/\/api.w.org\/{rel}","templated":true}]}}