{"id":1979,"date":"2022-04-04T11:19:18","date_gmt":"2022-04-04T09:19:18","guid":{"rendered":"https:\/\/przedszkolestawiski.pl\/?p=1979"},"modified":"2022-04-05T13:04:35","modified_gmt":"2022-04-05T11:04:35","slug":"ogloszenie-o-konkursie-na-kandydata-na-stanowisko-dyrektora-szkoly-podstawowej-w-porytem","status":"publish","type":"post","link":"https:\/\/przedszkolestawiski.pl\/?p=1979","title":{"rendered":"Og\u0142oszenie o konkursie na kandydata na stanowisko dyrektora Szko\u0142y Podstawowej w Porytem"},"content":{"rendered":"<p style=\"text-align: center;\"><strong>OG\u0141OSZENIE O KONKURSIE<\/strong><\/p>\n<p style=\"text-align: center;\"><strong>Burmistrz Stawisk<\/strong><br \/>\n<strong>og\u0142asza konkurs na kandydata na stanowisko<\/strong><br \/>\n<strong>dyrektora Szko\u0142y Podstawowej w Porytem<\/strong><br \/>\n<strong>Poryte ul. Szkolna 23, 18 &#8211; 520 Stawiski<\/strong><\/p>\n<p style=\"text-align: center;\">Pe\u0142na tre\u015b\u0107 og\u0142oszenia dost\u0119pna jest na stronie: <a href=\"https:\/\/www.bip.stawiski.pl\/index.php?wiad=4314\" target=\"_blank\" rel=\"noopener\">www.bip.stawiski.pl<\/a>&nbsp;oraz w za\u0142\u0105czeniu<\/p>\n","protected":false},"excerpt":{"rendered":"<p>Burmistrz Stawisk og\u0142asza konkurs na kandydata na stanowisko dyrektora Szko\u0142y Podstawowej w Porytem.<\/p>\n","protected":false},"author":1,"featured_media":1982,"comment_status":"closed","ping_status":"closed","sticky":false,"template":"","format":"standard","meta":{"ngg_post_thumbnail":0,"footnotes":""},"categories":[5],"tags":[],"class_list":["post-1979","post","type-post","status-publish","format-standard","has-post-thumbnail","hentry","category-home"],"_links":{"self":[{"href":"https:\/\/przedszkolestawiski.pl\/index.php?rest_route=\/wp\/v2\/posts\/1979","targetHints":{"allow":["GET"]}}],"collection":[{"href":"https:\/\/przedszkolestawiski.pl\/index.php?rest_route=\/wp\/v2\/posts"}],"about":[{"href":"https:\/\/przedszkolestawiski.pl\/index.php?rest_route=\/wp\/v2\/types\/post"}],"author":[{"embeddable":true,"href":"https:\/\/przedszkolestawiski.pl\/index.php?rest_route=\/wp\/v2\/users\/1"}],"replies":[{"embeddable":true,"href":"https:\/\/przedszkolestawiski.pl\/index.php?rest_route=%2Fwp%2Fv2%2Fcomments&post=1979"}],"version-history":[{"count":4,"href":"https:\/\/przedszkolestawiski.pl\/index.php?rest_route=\/wp\/v2\/posts\/1979\/revisions"}],"predecessor-version":[{"id":1989,"href":"https:\/\/przedszkolestawiski.pl\/index.php?rest_route=\/wp\/v2\/posts\/1979\/revisions\/1989"}],"wp:featuredmedia":[{"embeddable":true,"href":"https:\/\/przedszkolestawiski.pl\/index.php?rest_route=\/wp\/v2\/media\/1982"}],"wp:attachment":[{"href":"https:\/\/przedszkolestawiski.pl\/index.php?rest_route=%2Fwp%2Fv2%2Fmedia&parent=1979"}],"wp:term":[{"taxonomy":"category","embeddable":true,"href":"https:\/\/przedszkolestawiski.pl\/index.php?rest_route=%2Fwp%2Fv2%2Fcategories&post=1979"},{"taxonomy":"post_tag","embeddable":true,"href":"https:\/\/przedszkolestawiski.pl\/index.php?rest_route=%2Fwp%2Fv2%2Ftags&post=1979"}],"curies":[{"name":"wp","href":"https:\/\/api.w.org\/{rel}","templated":true}]}}