{"id":1909,"date":"2022-02-08T15:52:58","date_gmt":"2022-02-08T14:52:58","guid":{"rendered":"https:\/\/przedszkolestawiski.pl\/?p=1909"},"modified":"2022-02-08T15:58:57","modified_gmt":"2022-02-08T14:58:57","slug":"konkurs-bozonarodzeniowy","status":"publish","type":"post","link":"https:\/\/przedszkolestawiski.pl\/?p=1909","title":{"rendered":"Konkurs bo\u017conarodzeniowy"},"content":{"rendered":"<p>Bo\u017ce Narodzenie i czas przygotowa\u0144 do \u015bwi\u0105t to najpi\u0119kniejszy okres w ca\u0142ym roku. W tym czasie, szczeg\u00f3lnie przed laty, zar\u00f3wno doro\u015bli, jak i dzieci z wielk\u0105 rado\u015bci\u0105 wykonywali ozdoby \u015bwi\u0105teczne, stroiki, \u0142a\u0144cuchy na choink\u0119, szopki bo\u017conarodzeniowe. Dla przypomnienia i zach\u0119cenia dzieci do czerpania z bogatych rodzimych tradycji nauczycielki Miejskiego Przedszkola w Stawiskach og\u0142osi\u0142y konkurs plastyczny pod has\u0142em &#8222;Ozdoba choinkowa&#8221;.<\/p>\n<p>Pog\u0142\u0119bienie wiedzy na temat symboli zwi\u0105zanych ze \u015bwi\u0119tami Bo\u017cego Narodzenia, rozwijanie zdolno\u015bci plastycznych i wra\u017cliwo\u015bci artystycznej u naszych wychowank\u00f3w oraz zacie\u015bnienie wsp\u00f3\u0142pracy przedszkola z rodzicami to g\u0142\u00f3wne cele, jakie przy\u015bwieca\u0142y temu konkursowi.<\/p>\n<p>Dlatego te\u017c do udzia\u0142u w nim zaproszono nie tylko dzieci naszego przedszkola, ale r\u00f3wnie\u017c ich rodzic\u00f3w i cz\u0142onk\u00f3w rodzin. Przedmiotem konkursu by\u0142o wykonanie technik\u0105 dowoln\u0105 ozdoby choinkowej. Na konkurs wp\u0142yn\u0119\u0142o 67 pi\u0119knych, wyr\u00f3\u017cniaj\u0105cych si\u0119 pomys\u0142owo\u015bci\u0105, oryginalno\u015bci\u0105 i ciekaw\u0105 technik\u0105 wykonania prac.<\/p>\n<p>ngg_shortcode_0_placeholder<strong>Jury konkursu<\/strong> w sk\u0142adzie:<\/p>\n<ul>\n<li><em><strong>Iwona Bogda\u0144ska<\/strong><\/em> &#8211; dyrektor przedszkola,<\/li>\n<li><em><strong>Maria Zuzga<\/strong><\/em> &#8211; pracownik Miejskiej Biblioteki Publicznej,<\/li>\n<li><strong><em>Wioleta Brakoniecka <\/em><\/strong><em>&#8211; <\/em>pracownik GOKiS,<\/li>\n<\/ul>\n<p>obradowa\u0142o 22 grudnia. Komisja mia\u0142a bardzo trudne zadanie, by spo\u015br\u00f3d tylu pi\u0119knych prac wybra\u0107 te naj\u0142adniejsze.<\/p>\n<p>Po \u017cmudnej pracy jury wyr\u00f3\u017cni\u0142o prace:<\/p>\n<ul>\n<li>w grupie <strong>&#8222;Biedronki&#8221;: <\/strong><strong><em>Aleksandra Zdu\u0144czyk, Alicja Soko\u0142owska, Maksymilian S\u0142awecki,<\/em><\/strong><\/li>\n<li>w grupie <strong>&#8222;Wiewi\u00f3rki&#8221;: <\/strong><strong><em>Szymon Kopacz, Zofia Staniszewska, Julia Banachowska,<\/em><\/strong><\/li>\n<li>w grupie <strong>&#8222;Motylki&#8221;: <\/strong><strong><em>Aleksandra Malinowska, Adrianna Kowalska, Zofia Laskowska,<\/em><\/strong><\/li>\n<li>w grupie <strong>&#8222;Je\u017cyki&#8221;: <\/strong><strong><em>Alicja Kulikowska, Mateusz Rutkowski, Jakub Wi\u015bniewski,<\/em><\/strong><\/li>\n<li>w grupie <strong>&#8222;Muchomorki&#8221;: <\/strong><strong><em>Nikola Szewczyk, Klaudia Demby, Szymon Sikorski.<\/em><\/strong><\/li>\n<\/ul>\n<p>Wszystkie dzieci bior\u0105ce udzia\u0142 w konkursie otrzyma\u0142y pami\u0105tkowe dyplomy. Osoby wyr\u00f3\u017cnione otrzyma\u0142y nagrody rzeczowe.<\/p>\n","protected":false},"excerpt":{"rendered":"<p>Bo\u017ce Narodzenie i czas przygotowa\u0144 do \u015bwi\u0105t to najpi\u0119kniejszy okres w ca\u0142ym roku. W tym czasie, szczeg\u00f3lnie przed laty, zar\u00f3wno doro\u015bli, jak i dzieci z&hellip;<\/p>\n","protected":false},"author":1,"featured_media":1911,"comment_status":"closed","ping_status":"closed","sticky":false,"template":"","format":"standard","meta":{"ngg_post_thumbnail":0,"footnotes":""},"categories":[5],"tags":[],"class_list":["post-1909","post","type-post","status-publish","format-standard","has-post-thumbnail","hentry","category-home"],"_links":{"self":[{"href":"https:\/\/przedszkolestawiski.pl\/index.php?rest_route=\/wp\/v2\/posts\/1909","targetHints":{"allow":["GET"]}}],"collection":[{"href":"https:\/\/przedszkolestawiski.pl\/index.php?rest_route=\/wp\/v2\/posts"}],"about":[{"href":"https:\/\/przedszkolestawiski.pl\/index.php?rest_route=\/wp\/v2\/types\/post"}],"author":[{"embeddable":true,"href":"https:\/\/przedszkolestawiski.pl\/index.php?rest_route=\/wp\/v2\/users\/1"}],"replies":[{"embeddable":true,"href":"https:\/\/przedszkolestawiski.pl\/index.php?rest_route=%2Fwp%2Fv2%2Fcomments&post=1909"}],"version-history":[{"count":9,"href":"https:\/\/przedszkolestawiski.pl\/index.php?rest_route=\/wp\/v2\/posts\/1909\/revisions"}],"predecessor-version":[{"id":1927,"href":"https:\/\/przedszkolestawiski.pl\/index.php?rest_route=\/wp\/v2\/posts\/1909\/revisions\/1927"}],"wp:featuredmedia":[{"embeddable":true,"href":"https:\/\/przedszkolestawiski.pl\/index.php?rest_route=\/wp\/v2\/media\/1911"}],"wp:attachment":[{"href":"https:\/\/przedszkolestawiski.pl\/index.php?rest_route=%2Fwp%2Fv2%2Fmedia&parent=1909"}],"wp:term":[{"taxonomy":"category","embeddable":true,"href":"https:\/\/przedszkolestawiski.pl\/index.php?rest_route=%2Fwp%2Fv2%2Fcategories&post=1909"},{"taxonomy":"post_tag","embeddable":true,"href":"https:\/\/przedszkolestawiski.pl\/index.php?rest_route=%2Fwp%2Fv2%2Ftags&post=1909"}],"curies":[{"name":"wp","href":"https:\/\/api.w.org\/{rel}","templated":true}]}}