{"id":1869,"date":"2021-12-22T01:28:25","date_gmt":"2021-12-22T00:28:25","guid":{"rendered":"https:\/\/przedszkolestawiski.pl\/?p=1869"},"modified":"2021-12-22T02:03:37","modified_gmt":"2021-12-22T01:03:37","slug":"zyczenia-swiateczno-noworoczne","status":"publish","type":"post","link":"https:\/\/przedszkolestawiski.pl\/?p=1869","title":{"rendered":"\u017byczenia \u015bwi\u0105teczno-noworoczne"},"content":{"rendered":"<blockquote><p>,,Jest w moim kraju zwyczaj, \u017ce w dzie\u0144 wigilijny<br \/>\nPrzy wzej\u015bciu pierwszej gwiazdy wieczornej na niebie<br \/>\nLudzie gniazda wsp\u00f3lnego \u0142ami\u0105 chleb biblijny<br \/>\nNajtkliwsze przekazuj\u0105c uczucia w tym chlebie\u201d<br \/>\nCyprian Kamil Norwid<\/p><\/blockquote>\n<p>Szanowni Pa\u0144stwo<\/p>\n<p>Przed nami najpi\u0119kniejszy okres w roku, czas Bo\u017cego Narodzenia gdy Chrystus przychodzi na \u015bwiat i staje si\u0119 rado\u015bci\u0105 ka\u017cdego z nas. Czas wype\u0142niony tradycj\u0105 i rodzinnym ciep\u0142em. Niech zatem te \u015bwi\u0119ta b\u0119d\u0105 niezapomnianym czasem, sp\u0119dzonym bez po\u015bpiechu, trosk i zmartwie\u0144. Niech b\u0119d\u0105 prze\u017cyte w spokoju, rado\u015bci, w\u015br\u00f3d rodziny i przyjaci\u00f3\u0142 oraz wszystkich bliskich os\u00f3b.<\/p>\n<p>\u017byczymy Pa\u0144stwu, aby w nowym 2022 roku, spe\u0142ni\u0142y si\u0119 wszystkie plany, a prze\u017cywane problemy owocowa\u0142y autentyczn\u0105 rado\u015bci\u0105.<\/p>\n<p style=\"text-align: right;\">\u017byczliwo\u015bci i wra\u017cliwo\u015bci we wzajemnych kontaktach \u017cycz\u0105<\/p>\n<p style=\"text-align: right;\">Dyrektor i Pracownicy<br \/>\nMiejskiego Przedszkola<br \/>\nw Stawiskach<\/p>\n<p style=\"text-align: center;\"><iframe loading=\"lazy\" title=\"YouTube video player\" src=\"https:\/\/www.youtube-nocookie.com\/embed\/xorGzVsyr5E\" width=\"560\" height=\"315\" frameborder=\"0\" allowfullscreen=\"allowfullscreen\"><\/iframe>&nbsp; &nbsp; &nbsp; &nbsp;<iframe loading=\"lazy\" title=\"YouTube video player\" src=\"https:\/\/www.youtube-nocookie.com\/embed\/NqSESpGtfmI\" width=\"560\" height=\"315\" frameborder=\"0\" allowfullscreen=\"allowfullscreen\"><\/iframe><\/p>\n<p style=\"text-align: center;\"><iframe loading=\"lazy\" title=\"YouTube video player\" src=\"https:\/\/www.youtube-nocookie.com\/embed\/00972kWb_FI\" width=\"560\" height=\"315\" frameborder=\"0\" allowfullscreen=\"allowfullscreen\"><\/iframe>&nbsp; &nbsp; &nbsp; &nbsp;<iframe loading=\"lazy\" title=\"YouTube video player\" src=\"https:\/\/www.youtube-nocookie.com\/embed\/gWX2LJkb1sU\" width=\"560\" height=\"315\" frameborder=\"0\" allowfullscreen=\"allowfullscreen\"><\/iframe><\/p>\n<p style=\"text-align: center;\"><iframe loading=\"lazy\" title=\"YouTube video player\" src=\"https:\/\/www.youtube-nocookie.com\/embed\/GcmZQxWJQV0\" width=\"560\" height=\"315\" frameborder=\"0\" allowfullscreen=\"allowfullscreen\"><\/iframe><\/p>\n","protected":false},"excerpt":{"rendered":"<p>\u017byczenia \u015bwi\u0105teczne i noworoczne od Dyrektora i Pracownik\u00f3w Miejskiego Przedszkola w Stawiskach. No i oczywi\u015bcie od dzieci&#8230;<\/p>\n","protected":false},"author":1,"featured_media":1874,"comment_status":"closed","ping_status":"closed","sticky":false,"template":"","format":"standard","meta":{"ngg_post_thumbnail":0,"footnotes":""},"categories":[5],"tags":[],"class_list":["post-1869","post","type-post","status-publish","format-standard","has-post-thumbnail","hentry","category-home"],"_links":{"self":[{"href":"https:\/\/przedszkolestawiski.pl\/index.php?rest_route=\/wp\/v2\/posts\/1869","targetHints":{"allow":["GET"]}}],"collection":[{"href":"https:\/\/przedszkolestawiski.pl\/index.php?rest_route=\/wp\/v2\/posts"}],"about":[{"href":"https:\/\/przedszkolestawiski.pl\/index.php?rest_route=\/wp\/v2\/types\/post"}],"author":[{"embeddable":true,"href":"https:\/\/przedszkolestawiski.pl\/index.php?rest_route=\/wp\/v2\/users\/1"}],"replies":[{"embeddable":true,"href":"https:\/\/przedszkolestawiski.pl\/index.php?rest_route=%2Fwp%2Fv2%2Fcomments&post=1869"}],"version-history":[{"count":13,"href":"https:\/\/przedszkolestawiski.pl\/index.php?rest_route=\/wp\/v2\/posts\/1869\/revisions"}],"predecessor-version":[{"id":1883,"href":"https:\/\/przedszkolestawiski.pl\/index.php?rest_route=\/wp\/v2\/posts\/1869\/revisions\/1883"}],"wp:featuredmedia":[{"embeddable":true,"href":"https:\/\/przedszkolestawiski.pl\/index.php?rest_route=\/wp\/v2\/media\/1874"}],"wp:attachment":[{"href":"https:\/\/przedszkolestawiski.pl\/index.php?rest_route=%2Fwp%2Fv2%2Fmedia&parent=1869"}],"wp:term":[{"taxonomy":"category","embeddable":true,"href":"https:\/\/przedszkolestawiski.pl\/index.php?rest_route=%2Fwp%2Fv2%2Fcategories&post=1869"},{"taxonomy":"post_tag","embeddable":true,"href":"https:\/\/przedszkolestawiski.pl\/index.php?rest_route=%2Fwp%2Fv2%2Ftags&post=1869"}],"curies":[{"name":"wp","href":"https:\/\/api.w.org\/{rel}","templated":true}]}}