{"id":1856,"date":"2021-12-06T00:21:09","date_gmt":"2021-12-05T23:21:09","guid":{"rendered":"https:\/\/przedszkolestawiski.pl\/?p=1856"},"modified":"2021-12-15T00:41:36","modified_gmt":"2021-12-14T23:41:36","slug":"mikolajki","status":"publish","type":"post","link":"https:\/\/przedszkolestawiski.pl\/?p=1856","title":{"rendered":"Miko\u0142ajki"},"content":{"rendered":"<blockquote><p><em>6 grudnia &#8211; jak dobrze wiecie,<\/em><em><br \/>\n\u015awi\u0119ty Miko\u0142aj chodzi po \u015bwiecie.<br \/>\nD\u017awiga sw\u00f3j worek niezmordowanie<br \/>\nI ka\u017cde dziecko prezent dostanie.<\/em><\/p><\/blockquote>\n<p>Najbardziej wyczekiwanym dniem w \u017cyciu ka\u017cdego przedszkolaka jest dzie\u0144 przybycia \u015awi\u0119tego Miko\u0142aja, czyli 6 grudnia. Od samego rana w plac\u00f3wce panowa\u0142a rado\u015b\u0107 i poruszenie. Przedszkolaki z wielk\u0105 niecierpliwo\u015bci\u0105 nas\u0142uchiwa\u0142y dzwonk\u00f3w \u015awi\u0119tego. Aby podkre\u015bli\u0107 wyj\u0105tkowy charakter tego wydarzenia ka\u017cda sala przybra\u0142a \u015bwi\u0105teczn\u0105 szat\u0119, a wi\u0119kszo\u015b\u0107 dzieci ubra\u0142o charakterystyczny, czerwony str\u00f3j i miko\u0142ajowe czapeczki.<\/p>\n<p>Dzieci by\u0142y bardzo szcz\u0119\u015bliwe, rozpromienione a zarazem zawstydzone, kiedy na sal\u0119 wszed\u0142 z niecierpliwo\u015bci\u0105 oczekiwany go\u015b\u0107 w towarzystwie swojego elfa. Zm\u0119czony d\u017awiganiem wielkiego worka z prezentami, ale jak zawsze u\u015bmiechni\u0119ty usiad\u0142 przy pi\u0119knie ubranej choince. Przedszkolaki przywita\u0142y Miko\u0142aja wierszem i piosenk\u0105. Nast\u0119pnie elf porwa\u0142 dzieci do weso\u0142ej zabawy i ta\u0144ca. Wszyscy \u015bwietnie si\u0119 bawili.<\/p>\n<p>Na koniec, po zapewnieniach dzieci, \u017ce by\u0142y bardzo grzeczne, Miko\u0142aj obdarowa\u0142 je prezentami. Spotkanie przebiega\u0142o w radosnej i przyjaznej atmosferze. A kiedy po\u017cegnali\u015bmy Miko\u0142aja na twarzach dzieci jeszcze d\u0142ugo go\u015bci\u0142 u\u015bmiech i szcz\u0119\u015bcie. Szkoda, \u017ce ten wyj\u0105tkowy Go\u015b\u0107 odwiedza nas tylko raz w roku&#8230;.<\/p>\n<p>Szczeg\u00f3lne podzi\u0119kowanie sk\u0142adamy panu Zbigniewowi Skrodzkiemu, kt\u00f3ry powi\u0119kszy\u0142 rado\u015b\u0107 dzieci, obdarowuj\u0105c ich s\u0142odkimi upominkami.<\/p>\n<p>Gor\u0105ce podzi\u0119kowania kierujemy r\u00f3wnie\u017c w stron\u0119 \u015bwi\u0119tego Miko\u0142aja, \u017ce pomimo nat\u0142oku pracy nie zapomnia\u0142 o naszych przedszkolakach\u2026<\/p>\n<p style=\"text-align: left;\">B\u0119dziemy oczekiwa\u0107 ponownej Jego wizyty w przedszkolu za rok. Do zobaczenia!<\/p>\n<p style=\"text-align: center;\"><a href=\"https:\/\/photos.app.goo.gl\/2UV2PvauY12ABqtr5\"><img loading=\"lazy\" decoding=\"async\" class=\"size-full wp-image-477 aligncenter\" src=\"https:\/\/przedszkolestawiski.pl\/wp-content\/uploads\/2019\/01\/fotogaleria_przycisk.jpg\" alt=\"przycisk galeria\" width=\"800\" height=\"53\" srcset=\"https:\/\/przedszkolestawiski.pl\/wp-content\/uploads\/2019\/01\/fotogaleria_przycisk.jpg 800w, https:\/\/przedszkolestawiski.pl\/wp-content\/uploads\/2019\/01\/fotogaleria_przycisk-300x20.jpg 300w, https:\/\/przedszkolestawiski.pl\/wp-content\/uploads\/2019\/01\/fotogaleria_przycisk-768x51.jpg 768w\" sizes=\"auto, (max-width: 800px) 100vw, 800px\" \/><\/a><\/p>\n","protected":false},"excerpt":{"rendered":"<p>Najbardziej wyczekiwanym dniem w \u017cyciu ka\u017cdego przedszkolaka jest dzie\u0144 przybycia \u015awi\u0119tego Miko\u0142aja, czyli 6 grudnia.<\/p>\n","protected":false},"author":1,"featured_media":1861,"comment_status":"closed","ping_status":"closed","sticky":false,"template":"","format":"standard","meta":{"ngg_post_thumbnail":0,"footnotes":""},"categories":[5],"tags":[],"class_list":["post-1856","post","type-post","status-publish","format-standard","has-post-thumbnail","hentry","category-home"],"_links":{"self":[{"href":"https:\/\/przedszkolestawiski.pl\/index.php?rest_route=\/wp\/v2\/posts\/1856","targetHints":{"allow":["GET"]}}],"collection":[{"href":"https:\/\/przedszkolestawiski.pl\/index.php?rest_route=\/wp\/v2\/posts"}],"about":[{"href":"https:\/\/przedszkolestawiski.pl\/index.php?rest_route=\/wp\/v2\/types\/post"}],"author":[{"embeddable":true,"href":"https:\/\/przedszkolestawiski.pl\/index.php?rest_route=\/wp\/v2\/users\/1"}],"replies":[{"embeddable":true,"href":"https:\/\/przedszkolestawiski.pl\/index.php?rest_route=%2Fwp%2Fv2%2Fcomments&post=1856"}],"version-history":[{"count":3,"href":"https:\/\/przedszkolestawiski.pl\/index.php?rest_route=\/wp\/v2\/posts\/1856\/revisions"}],"predecessor-version":[{"id":1862,"href":"https:\/\/przedszkolestawiski.pl\/index.php?rest_route=\/wp\/v2\/posts\/1856\/revisions\/1862"}],"wp:featuredmedia":[{"embeddable":true,"href":"https:\/\/przedszkolestawiski.pl\/index.php?rest_route=\/wp\/v2\/media\/1861"}],"wp:attachment":[{"href":"https:\/\/przedszkolestawiski.pl\/index.php?rest_route=%2Fwp%2Fv2%2Fmedia&parent=1856"}],"wp:term":[{"taxonomy":"category","embeddable":true,"href":"https:\/\/przedszkolestawiski.pl\/index.php?rest_route=%2Fwp%2Fv2%2Fcategories&post=1856"},{"taxonomy":"post_tag","embeddable":true,"href":"https:\/\/przedszkolestawiski.pl\/index.php?rest_route=%2Fwp%2Fv2%2Ftags&post=1856"}],"curies":[{"name":"wp","href":"https:\/\/api.w.org\/{rel}","templated":true}]}}