{"id":1851,"date":"2021-12-02T00:12:48","date_gmt":"2021-12-01T23:12:48","guid":{"rendered":"https:\/\/przedszkolestawiski.pl\/?p=1851"},"modified":"2021-12-15T00:20:17","modified_gmt":"2021-12-14T23:20:17","slug":"pasowanie-na-przedszkolaka-2","status":"publish","type":"post","link":"https:\/\/przedszkolestawiski.pl\/?p=1851","title":{"rendered":"Pasowanie na Przedszkolaka"},"content":{"rendered":"<p>Dzie\u0144 02 grudnia pozostanie na d\u0142ugo w pami\u0119ci dzieci 3-4 letnich z Miejskiego Przedszkola w Stawiskach. Tego w\u0142a\u015bnie dnia odby\u0142a si\u0119 pierwsza wa\u017cna przedszkolna uroczysto\u015b\u0107 \u2013<strong> Pasowanie na Przedszkolaka.<\/strong><\/p>\n<p>W uroczysto\u015bci bra\u0142y udzia\u0142 dzieci 3-4 letnie z grupy &#8222;Biedronki\u201d oraz pani dyrektor Iwona Bogda\u0144ska. Uroczysto\u015b\u0107 rozpocz\u0119\u0142a si\u0119 od powitania go\u015bci i przedstawienia kr\u00f3tkiej cz\u0119\u015bci artystycznej, w kt\u00f3rej maluszki zaprezentowa\u0142y swoje umiej\u0119tno\u015bci \u2013 daj\u0105c tym samym dow\u00f3d, jak du\u017co ju\u017c potrafi\u0105. By\u0142y wi\u0119c piosenki, wierszyki, zabawy ruchowe i taniec.<\/p>\n<p>Po cz\u0119\u015bci artystycznej, dzieci obieca\u0142y: zgodnie bawi\u0107 si\u0119 w przedszkolu, przychodzi\u0107 ka\u017cdego dnia z u\u015bmiechem, s\u0142ucha\u0107 pani i pomaga\u0107 kolegom, by\u0107 dzielnym przedszkolakiem. Nast\u0119pnie pani dyrektor dokona\u0142a uroczystego pasowania ka\u017cdego dziecka na przedszkolaka.<\/p>\n<p>Na pami\u0105tk\u0119 tego wa\u017cnego wydarzenia ka\u017cdy przedszkolak otrzyma\u0142 dyplom pasowania, symbol grupy \u2013 ro\u017cek Biedronk\u0119 ze s\u0142odko\u015bciami oraz upominek. Uroczysto\u015b\u0107 zako\u0144czy\u0142 s\u0142odki pocz\u0119stunek przygotowany przez Rodzic\u00f3w.<\/p>\n<p><a href=\"https:\/\/photos.app.goo.gl\/UHEwKo477Ty8kxZ4A\"><img loading=\"lazy\" decoding=\"async\" class=\"size-full wp-image-477 aligncenter\" src=\"https:\/\/przedszkolestawiski.pl\/wp-content\/uploads\/2019\/01\/fotogaleria_przycisk.jpg\" alt=\"przycisk galeria\" width=\"800\" height=\"53\" srcset=\"https:\/\/przedszkolestawiski.pl\/wp-content\/uploads\/2019\/01\/fotogaleria_przycisk.jpg 800w, https:\/\/przedszkolestawiski.pl\/wp-content\/uploads\/2019\/01\/fotogaleria_przycisk-300x20.jpg 300w, https:\/\/przedszkolestawiski.pl\/wp-content\/uploads\/2019\/01\/fotogaleria_przycisk-768x51.jpg 768w\" sizes=\"auto, (max-width: 800px) 100vw, 800px\" \/><\/a><\/p>\n","protected":false},"excerpt":{"rendered":"<p>Dzie\u0144 02 grudnia pozostanie na d\u0142ugo w pami\u0119ci dzieci 3-4 letnich z Miejskiego Przedszkola w Stawiskach. Tego w\u0142a\u015bnie dnia odby\u0142a si\u0119 pierwsza wa\u017cna przedszkolna uroczysto\u015b\u0107&hellip;<\/p>\n","protected":false},"author":1,"featured_media":1853,"comment_status":"closed","ping_status":"closed","sticky":false,"template":"","format":"standard","meta":{"ngg_post_thumbnail":0,"footnotes":""},"categories":[5],"tags":[],"class_list":["post-1851","post","type-post","status-publish","format-standard","has-post-thumbnail","hentry","category-home"],"_links":{"self":[{"href":"https:\/\/przedszkolestawiski.pl\/index.php?rest_route=\/wp\/v2\/posts\/1851","targetHints":{"allow":["GET"]}}],"collection":[{"href":"https:\/\/przedszkolestawiski.pl\/index.php?rest_route=\/wp\/v2\/posts"}],"about":[{"href":"https:\/\/przedszkolestawiski.pl\/index.php?rest_route=\/wp\/v2\/types\/post"}],"author":[{"embeddable":true,"href":"https:\/\/przedszkolestawiski.pl\/index.php?rest_route=\/wp\/v2\/users\/1"}],"replies":[{"embeddable":true,"href":"https:\/\/przedszkolestawiski.pl\/index.php?rest_route=%2Fwp%2Fv2%2Fcomments&post=1851"}],"version-history":[{"count":3,"href":"https:\/\/przedszkolestawiski.pl\/index.php?rest_route=\/wp\/v2\/posts\/1851\/revisions"}],"predecessor-version":[{"id":1855,"href":"https:\/\/przedszkolestawiski.pl\/index.php?rest_route=\/wp\/v2\/posts\/1851\/revisions\/1855"}],"wp:featuredmedia":[{"embeddable":true,"href":"https:\/\/przedszkolestawiski.pl\/index.php?rest_route=\/wp\/v2\/media\/1853"}],"wp:attachment":[{"href":"https:\/\/przedszkolestawiski.pl\/index.php?rest_route=%2Fwp%2Fv2%2Fmedia&parent=1851"}],"wp:term":[{"taxonomy":"category","embeddable":true,"href":"https:\/\/przedszkolestawiski.pl\/index.php?rest_route=%2Fwp%2Fv2%2Fcategories&post=1851"},{"taxonomy":"post_tag","embeddable":true,"href":"https:\/\/przedszkolestawiski.pl\/index.php?rest_route=%2Fwp%2Fv2%2Ftags&post=1851"}],"curies":[{"name":"wp","href":"https:\/\/api.w.org\/{rel}","templated":true}]}}