{"id":1481,"date":"2021-06-16T23:08:05","date_gmt":"2021-06-16T21:08:05","guid":{"rendered":"https:\/\/przedszkolestawiski.pl\/?p=1481"},"modified":"2021-06-29T23:42:53","modified_gmt":"2021-06-29T21:42:53","slug":"dzien-dziecka-w-przedszkolu","status":"publish","type":"post","link":"https:\/\/przedszkolestawiski.pl\/?p=1481","title":{"rendered":"Dzie\u0144 Dziecka w przedszkolu"},"content":{"rendered":"<p style=\"text-align: left;\">Dzie\u0144 Dziecka jest jednym z najwa\u017cniejszych dni w przedszkolnym kalendarzu. I w tym roku 1 czerwca przyni\u00f3s\u0142 przedszkolakom mn\u00f3stwo niespodzianek.<\/p>\n<p style=\"text-align: left;\">Ju\u017c od rana wraz z \u017cyczeniami dzieci otrzyma\u0142y s\u0142odkie upominki, przygotowane jak zawsze przez niezawodnych Rodzic\u00f3w.<\/p>\n<p style=\"text-align: left;\">Prezenty \u2013 niespodzianki przyjecha\u0142y do naszego przedszkola a\u017c ze Skar\u017cyska Kamiennej wraz z animatorami kreatywnych warsztat\u00f3w artystycznych z firmy RALFIK. Podczas spotkania ka\u017cdy przedszkolak pod czujnym okiem prowadz\u0105cych i wychowawc\u00f3w samodzielnie wykona\u0142 ,,Jajo dinozaura \u2013 jurajski las w s\u0142oiku\u201d. Pocz\u0105wszy od najm\u0142odszych, wszyscy z ogromnym zaanga\u017cowaniem odliczali kolejne \u0142opatki czarnej ziemi, \u017c\u00f3\u0142tego piasku, \u017cwirku i kolorowych kamyk\u00f3w, sadzili ro\u015blinki aby na ko\u0144cu w szklanym naczyniu \u2013 jajku umie\u015bci\u0107 figurk\u0119 dinozaura. Ile by\u0142o emocji przy tworzeniu kompozycji mo\u017cna zobaczy\u0107 ogl\u0105daj\u0105c nasz\u0105 galeri\u0119.<\/p>\n<p style=\"text-align: left;\">Przedszkolakom jeszcze raz \u017cyczymy wszystkiego najlepszego, a&nbsp; jajo dinozaura, kt\u00f3re jest ozdob\u0105 niejednego pokoiku niech przypomina im o cudownych chwilach \u2026ich \u015bwi\u0119cie.<\/p>\n<p style=\"text-align: center;\"><a href=\"https:\/\/photos.app.goo.gl\/7TeVtRnwkUU3RAmU9\" target=\"_blank\" rel=\"noopener\"><img loading=\"lazy\" decoding=\"async\" class=\"wp-image-477 size-full aligncenter\" src=\"https:\/\/przedszkolestawiski.pl\/wp-content\/uploads\/2019\/01\/fotogaleria_przycisk.jpg\" alt=\"przycisk galeria\" width=\"800\" height=\"53\" srcset=\"https:\/\/przedszkolestawiski.pl\/wp-content\/uploads\/2019\/01\/fotogaleria_przycisk.jpg 800w, https:\/\/przedszkolestawiski.pl\/wp-content\/uploads\/2019\/01\/fotogaleria_przycisk-300x20.jpg 300w, https:\/\/przedszkolestawiski.pl\/wp-content\/uploads\/2019\/01\/fotogaleria_przycisk-768x51.jpg 768w\" sizes=\"auto, (max-width: 800px) 100vw, 800px\" \/><\/a><\/p>\n","protected":false},"excerpt":{"rendered":"<p>Dzie\u0144 Dziecka jest jednym z najwa\u017cniejszych dni w przedszkolnym kalendarzu.<\/p>\n","protected":false},"author":1,"featured_media":1488,"comment_status":"closed","ping_status":"closed","sticky":false,"template":"","format":"standard","meta":{"ngg_post_thumbnail":0,"footnotes":""},"categories":[5],"tags":[],"class_list":["post-1481","post","type-post","status-publish","format-standard","has-post-thumbnail","hentry","category-home"],"_links":{"self":[{"href":"https:\/\/przedszkolestawiski.pl\/index.php?rest_route=\/wp\/v2\/posts\/1481","targetHints":{"allow":["GET"]}}],"collection":[{"href":"https:\/\/przedszkolestawiski.pl\/index.php?rest_route=\/wp\/v2\/posts"}],"about":[{"href":"https:\/\/przedszkolestawiski.pl\/index.php?rest_route=\/wp\/v2\/types\/post"}],"author":[{"embeddable":true,"href":"https:\/\/przedszkolestawiski.pl\/index.php?rest_route=\/wp\/v2\/users\/1"}],"replies":[{"embeddable":true,"href":"https:\/\/przedszkolestawiski.pl\/index.php?rest_route=%2Fwp%2Fv2%2Fcomments&post=1481"}],"version-history":[{"count":7,"href":"https:\/\/przedszkolestawiski.pl\/index.php?rest_route=\/wp\/v2\/posts\/1481\/revisions"}],"predecessor-version":[{"id":1489,"href":"https:\/\/przedszkolestawiski.pl\/index.php?rest_route=\/wp\/v2\/posts\/1481\/revisions\/1489"}],"wp:featuredmedia":[{"embeddable":true,"href":"https:\/\/przedszkolestawiski.pl\/index.php?rest_route=\/wp\/v2\/media\/1488"}],"wp:attachment":[{"href":"https:\/\/przedszkolestawiski.pl\/index.php?rest_route=%2Fwp%2Fv2%2Fmedia&parent=1481"}],"wp:term":[{"taxonomy":"category","embeddable":true,"href":"https:\/\/przedszkolestawiski.pl\/index.php?rest_route=%2Fwp%2Fv2%2Fcategories&post=1481"},{"taxonomy":"post_tag","embeddable":true,"href":"https:\/\/przedszkolestawiski.pl\/index.php?rest_route=%2Fwp%2Fv2%2Ftags&post=1481"}],"curies":[{"name":"wp","href":"https:\/\/api.w.org\/{rel}","templated":true}]}}